{"id":990,"date":"2021-08-07T17:43:19","date_gmt":"2021-08-07T17:43:19","guid":{"rendered":"https:\/\/www.krusnohorskypohar.cz\/?p=990"},"modified":"2021-08-07T17:44:11","modified_gmt":"2021-08-07T17:44:11","slug":"pozvanka-na-prodlouzeny-vikend-do-mesta-utery","status":"publish","type":"post","link":"https:\/\/www.krusnohorskypohar.cz\/index.php\/2021\/08\/07\/pozvanka-na-prodlouzeny-vikend-do-mesta-utery\/","title":{"rendered":"Pozv\u00e1nka na prodlou\u017een\u00fd v\u00edkend do m\u011bsta \u00dater\u00fd"},"content":{"rendered":"\n<p>V\u00e1\u017een\u00ed p\u0159\u00e1tel\u00e9, zveme V\u00e1s na dal\u0161\u00ed z\u00e1vod Kru\u0161nohorsk\u00e9ho poh\u00e1ru na vrchol sez\u00f3ny do malebn\u00e9ho m\u011bsta \u00dater\u00fd. Ve dnech 14 a 15.8.2021 pojedeme na kr\u00e1sn\u00e9 trati \u00dater\u00fd-Sv\u011btec. Z\u00e1vod se pojede o poh\u00e1r m\u011bsta \u00dater\u00fd a pivovaru Chodovar. Tento prodlou\u017een\u00fd z\u00e1vodn\u00ed v\u00edkend se netradi\u010dn\u011b za\u010dne p\u0159\u00edjezdem do depa ji\u017e ve \u010dtvrtek 12.8.2021. Od p\u00e1tku 13.8.2021 jsme spolu s&nbsp;m\u011bstem \u00dater\u00fd pro v\u0161echny p\u0159ipravili doprovodn\u00e9 akce. D\u011bti i d\u00e1my si p\u0159ijdou na sv\u00e9. N\u00e1v\u0161t\u011bva pivovaru Chodovar je ji\u017e tradic\u00ed tohoto z\u00e1vodu tak i z\u00e1bavy s&nbsp;\u017eiv\u00fdmi kapely. Do z\u00e1vodu se p\u0159ihl\u00e1silo neskute\u010dn\u00fdch 130 jezdc\u016f co\u017e je rekord v&nbsp;po\u0159\u00e1d\u00e1n\u00ed Kru\u0161nohorsk\u00e9ho poh\u00e1ru. Byli jsme zvykl\u00ed \u017ee tradi\u010dn\u011b se p\u0159ed z\u00e1vody odhl\u00e1silo 16 jezdc\u016f ale zat\u00edm do z\u00e1vodu v&nbsp;\u00dater\u00fd se o \u010dek\u00e1v\u00e1 pln\u00fd po\u010det. M\u00e1me i 8 n\u00e1hradn\u00edk\u016f. Na oba z\u00e1vody jsme vypsali dva tr\u00e9ninky a dv\u011b ostr\u00e9 j\u00edzdy, ale chceme pokud \u010das dovol\u00ed vypsat i t\u0159et\u00ed z\u00e1vodn\u00ed j\u00edzdu. Uvid\u00edme a rozhodneme se v&nbsp;pr\u016fb\u011bhu z\u00e1vodu. Div\u00e1ci se maj\u00ed opravdu na\u010d t\u011b\u0161it. Plej\u00e1da v\u00fdborn\u00fdch jezdc\u016f na kr\u00e1sn\u00fdch vozech nap\u0159\u00ed\u010d startovn\u00edho pole ve v\u0161ech kategori\u00edch dopln\u011bn\u00e1 \u010dty\u0159mi juniory sk\u00fdt\u00e1 neskute\u010dn\u00e9 boje na trati. Nebudu jmenovit\u011b jmenovat jezdce, proto\u017ee nechci na nikoho zapomenout a to by nebylo dobr\u00e9. Po sobotn\u00ed z\u00e1vod\u011b prob\u011bhne tak\u00e9 vyhl\u00e1\u0161en\u00ed sez\u00f3ny 2020, kter\u00e1 z&nbsp;pandemick\u00fdch d\u016fvod\u016f byla p\u0159esunuta a\u017e do m\u011bsta \u00dater\u00fd do poloviny nov\u00e9 sez\u00f3ny 2021. Srde\u010dn\u011b se t\u011b\u0161\u00edme na v\u0161echny jezdce, doprovody, div\u00e1ky. Pros\u00edme div\u00e1ky aby dodr\u017eovali pokyny po\u0159adatel\u016f tak abychom si v\u0161ichni z\u00e1vody v&nbsp;\u00dater\u00fd u\u017eili. Div\u00e1ci maj\u00ed jak na z\u00e1vody tak i na dopl\u0148kov\u00e9 programy vstup zdarma.<\/p>\n\n\n\n<p>S&nbsp;pozdravem Vl\u00e1\u010fa Krej\u010d\u00ed-\u0159editel a promot\u00e9r Kru\u0161nohorsk\u00e9ho poh\u00e1ru<\/p>\n\n\n\n<figure class=\"wp-block-image size-large\"><img loading=\"lazy\" width=\"1024\" height=\"768\" src=\"https:\/\/www.krusnohorskypohar.cz\/wp-content\/uploads\/2021\/08\/utery1-1024x768.jpg\" alt=\"\" class=\"wp-image-991\" srcset=\"https:\/\/www.krusnohorskypohar.cz\/wp-content\/uploads\/2021\/08\/utery1-1024x768.jpg 1024w, https:\/\/www.krusnohorskypohar.cz\/wp-content\/uploads\/2021\/08\/utery1-300x225.jpg 300w, https:\/\/www.krusnohorskypohar.cz\/wp-content\/uploads\/2021\/08\/utery1-768x576.jpg 768w, https:\/\/www.krusnohorskypohar.cz\/wp-content\/uploads\/2021\/08\/utery1-1536x1152.jpg 1536w, https:\/\/www.krusnohorskypohar.cz\/wp-content\/uploads\/2021\/08\/utery1-120x90.jpg 120w, https:\/\/www.krusnohorskypohar.cz\/wp-content\/uploads\/2021\/08\/utery1.jpg 2000w\" sizes=\"(max-width: 1024px) 100vw, 1024px\" \/><figcaption>P\u0159ed startem z\u00e1vodu<\/figcaption><\/figure>\n\n\n\n<figure class=\"wp-block-image size-large\"><a href=\"https:\/\/www.krusnohorskypohar.cz\/wp-content\/uploads\/2021\/08\/PLAKATutery.png\" target=\"_blank\" rel=\"noopener\"><img loading=\"lazy\" width=\"1024\" height=\"977\" src=\"https:\/\/www.krusnohorskypohar.cz\/wp-content\/uploads\/2021\/08\/PLAKATutery.png\" alt=\"\" class=\"wp-image-968\" srcset=\"https:\/\/www.krusnohorskypohar.cz\/wp-content\/uploads\/2021\/08\/PLAKATutery.png 1024w, https:\/\/www.krusnohorskypohar.cz\/wp-content\/uploads\/2021\/08\/PLAKATutery-300x286.png 300w, https:\/\/www.krusnohorskypohar.cz\/wp-content\/uploads\/2021\/08\/PLAKATutery-768x733.png 768w\" sizes=\"(max-width: 1024px) 100vw, 1024px\" \/><\/a><figcaption>Ofici\u00e1ln\u00ed plak\u00e1t ZAV \u00dater\u00fd<\/figcaption><\/figure>\n","protected":false},"excerpt":{"rendered":"<p>V\u00e1\u017een\u00ed p\u0159\u00e1tel\u00e9, zveme V\u00e1s na dal\u0161\u00ed z\u00e1vod Kru\u0161nohorsk\u00e9ho poh\u00e1ru na vrchol sez\u00f3ny do malebn\u00e9ho m\u011bsta \u00dater\u00fd. Ve dnech 14 a 15.8.2021 pojedeme na kr\u00e1sn\u00e9 trati \u00dater\u00fd-Sv\u011btec. Z\u00e1vod se pojede o poh\u00e1r m\u011bsta \u00dater\u00fd a pivovaru Chodovar. Tento prodlou\u017een\u00fd z\u00e1vodn\u00ed v\u00edkend se netradi\u010dn\u011b za\u010dne p\u0159\u00edjezdem do depa ji\u017e ve \u010dtvrtek 12.8.2021. Od p\u00e1tku 13.8.2021 jsme spolu&hellip;<\/p>\n","protected":false},"author":2,"featured_media":992,"comment_status":"closed","ping_status":"open","sticky":false,"template":"","format":"standard","meta":[],"categories":[25],"tags":[],"_links":{"self":[{"href":"https:\/\/www.krusnohorskypohar.cz\/index.php\/wp-json\/wp\/v2\/posts\/990"}],"collection":[{"href":"https:\/\/www.krusnohorskypohar.cz\/index.php\/wp-json\/wp\/v2\/posts"}],"about":[{"href":"https:\/\/www.krusnohorskypohar.cz\/index.php\/wp-json\/wp\/v2\/types\/post"}],"author":[{"embeddable":true,"href":"https:\/\/www.krusnohorskypohar.cz\/index.php\/wp-json\/wp\/v2\/users\/2"}],"replies":[{"embeddable":true,"href":"https:\/\/www.krusnohorskypohar.cz\/index.php\/wp-json\/wp\/v2\/comments?post=990"}],"version-history":[{"count":2,"href":"https:\/\/www.krusnohorskypohar.cz\/index.php\/wp-json\/wp\/v2\/posts\/990\/revisions"}],"predecessor-version":[{"id":994,"href":"https:\/\/www.krusnohorskypohar.cz\/index.php\/wp-json\/wp\/v2\/posts\/990\/revisions\/994"}],"wp:featuredmedia":[{"embeddable":true,"href":"https:\/\/www.krusnohorskypohar.cz\/index.php\/wp-json\/wp\/v2\/media\/992"}],"wp:attachment":[{"href":"https:\/\/www.krusnohorskypohar.cz\/index.php\/wp-json\/wp\/v2\/media?parent=990"}],"wp:term":[{"taxonomy":"category","embeddable":true,"href":"https:\/\/www.krusnohorskypohar.cz\/index.php\/wp-json\/wp\/v2\/categories?post=990"},{"taxonomy":"post_tag","embeddable":true,"href":"https:\/\/www.krusnohorskypohar.cz\/index.php\/wp-json\/wp\/v2\/tags?post=990"}],"curies":[{"name":"wp","href":"https:\/\/api.w.org\/{rel}","templated":true}]}}