{"id":941,"date":"2021-07-29T12:32:52","date_gmt":"2021-07-29T12:32:52","guid":{"rendered":"https:\/\/www.krusnohorskypohar.cz\/?p=941"},"modified":"2021-08-01T16:06:20","modified_gmt":"2021-08-01T16:06:20","slug":"bestimmungen-und-infos-zum-rennen-utery-svetec","status":"publish","type":"post","link":"https:\/\/www.krusnohorskypohar.cz\/index.php\/2021\/07\/29\/bestimmungen-und-infos-zum-rennen-utery-svetec\/","title":{"rendered":"Bestimmungen und Infos zum Rennen \u00dater\u00fd-Svetec"},"content":{"rendered":"\n<p><strong>Programe:<\/strong><\/p>\n\n\n\n<p><strong>12.8.2021<\/strong><\/p>\n\n\n\n<p>\u2013 13:00 \u2013 wird das Depo\/Servicebereich ge\u00f6ffnet<\/p>\n\n\n\n<p><strong>13.8.2021<\/strong><\/p>\n\n\n\n<p>\u2013 16:00 \u2013 administravive und technische \u00dcbernahme<\/p>\n\n\n\n<p><strong>14.8.2021<\/strong><\/p>\n\n\n\n<p>\u2013 06:15 \u2013 administrative und technische \u00dcbernahme. Nur f\u00fcr Fahrer, die vorher angemeldet haben, dass sie erst am Tag des Rennen eintreffen<\/p>\n\n\n\n<p>\u2013 08:00 \u2013 Ende der \u00dcbernahmen<\/p>\n\n\n\n<p>\u2013 08:20 \u2013 Fahrerbesprechung<\/p>\n\n\n\n<p>\u2013 8:30 \u2013 Training \u2013 Zeit wird gemessen<\/p>\n\n\n\n<p>\u2013 10:30 \u2013 Training \u2013 Zeit wird gemessen<\/p>\n\n\n\n<p>\u2013 12:30 \u2013 erste Rennfahrt<\/p>\n\n\n\n<p>\u2013 15:00 \u2013 zweite Ten Fahrenheit<\/p>\n\n\n\n<p>\u2013 18:00 \u2013 Siegerehrung beider Rennen<\/p>\n\n\n\n<p><strong>15.8.2021<\/strong><\/p>\n\n\n\n<p>\u2013 07:10 \u2013 administrative und technische \u00dcbernahme. Nur f\u00fcr Fahrer, die vorher angemeldet haben, dass sie erst am Tag des Rennen eintreffen<\/p>\n\n\n\n<p>\u2013 08:00 \u2013 Ende der \u00dcbernahmen<\/p>\n\n\n\n<p>\u2013 08:20 \u2013 Fahrerbesprechung<\/p>\n\n\n\n<p>\u2013 8:30 \u2013 Training \u2013 Zeit wird gemessen<\/p>\n\n\n\n<p>\u2013 10:30 \u2013 Training \u2013 Zeit wird gemessen<\/p>\n\n\n\n<p>\u2013 12:30 \u2013 erste Rennfahrt<\/p>\n\n\n\n<p>\u2013 15:00 \u2013 zweite Rennfahrt<\/p>\n\n\n\n<p>\u2013 17:00 \u2013 Siegerehrung beider Rennen<\/p>\n\n\n\n<p><strong>Das Rennen wird vom Automotosport Osek z.s veranstaltet<\/strong><\/p>\n\n\n\n<p>Organisatoren<\/p>\n\n\n\n<p>Rennleiter\/Direktor \u2013 Krej\u010d\u00ed Vladim\u00edr<\/p>\n\n\n\n<p>Technische Kommissaren \u2013 M\u011bkuta Lud\u011bk<\/p>\n\n\n\n<p>Administrative \u00dcbernahme \u2013 Kl\u00edmov\u00e1 Zora<\/p>\n\n\n\n<p>Sicherheitsbeauftragter \u2013 Michal Strach, Martin Toman<\/p>\n\n\n\n<p>Starter \u2013 M\u011bkuta Filip<\/p>\n\n\n\n<p>Feuerwehr\/rettungswagen \u2013 Rescue Team Liberec, hasi\u010di Osek<\/p>\n\n\n\n<p>Doktor \u2013 es wird ein Arzt aus dem Krankenhaus \u00dast\u00ed nad Labem vor Ort sein<\/p>\n\n\n\n<p>Abschleppdienst \u2013 Auto \u0160tumi \u2013 \u0160tumr Petr<\/p>\n\n\n\n<p>Dollmetscher \u2013 Radim Sokol<\/p>\n\n\n\n<p>Offizieller Aushang<\/p>\n\n\n\n<p>Mit allen wichtigen Informationen zum Rennen und auch die Zeiten werden sich wie immer im Servicebereich befinden.<\/p>\n\n\n\n<p>Allgemeine Bestimmungen<\/p>\n\n\n\n<p>Das Rennen wird nach Regeln und Propositionen des Kru\u0161nohor Cups veranstaltet.<\/p>\n\n\n\n<p>Der Veranstalter beh\u00e4lt das Recht organisatorische \u00c4nderungen aus nich voraussichtlich Gr\u00fcnden vorzunehmen oder das Rennen in sehr ernsthaften Gr\u00fcnden komplet abzusagen.<\/p>\n\n\n\n<p>Strecke<\/p>\n\n\n\n<p>Das Rennen findet im \u00dater\u00fd-Svetec<\/p>\n\n\n\n<p>Die Strecke ist cca 2350m lang<\/p>\n\n\n\n<p>Es wird auf Asfaltoberfl\u00e4che gefahren.<\/p>\n\n\n\n<p>Minimalbreite der Strecke ist 4,5m.<\/p>\n\n\n\n<p>Rennwagen<\/p>\n\n\n\n<p>Das Rennen wird in \u00dcbereinstimmung mit dem Jahrbuch 2021 f\u00fcr Fahrzeuge der Klassen N,N2, E1, H, E2, R, Skoda Cup veranstaltet.<\/p>\n\n\n\n<p>Anmeldung<\/p>\n\n\n\n<p>Anmeldungen unter www.krusnohorskypohar.cz<\/p>\n\n\n\n<p>Oder am Tag der Veranstaltung bis 07:45, oder per Telefonat oder SMS an +420731836240. F\u00fcr deutsche Fahrer auch als Email \u2013 rsmotorsport@email.cz oder \u00fcber Facebooknachrit an Radim Sokol<\/p>\n\n\n\n<p>Das Startgeld ist 3400K\u010d (140\u20ac)<\/p>\n\n\n\n<p>Versicherung<\/p>\n\n\n\n<p><\/p>\n\n\n\n<p>Diese muss bei der administrativen \u00dcbernahme gezahlt werden.<\/p>\n\n\n\n<p>Administrative und technische \u00dcbernahme<\/p>\n\n\n\n<p>Diese sind nur zu den ausgeschriebenen Zeiten (siehe Zeitplan) m\u00f6glich und finden im Servicebereich statt.<\/p>\n","protected":false},"excerpt":{"rendered":"<p>Programe: 12.8.2021 \u2013 13:00 \u2013 wird das Depo\/Servicebereich ge\u00f6ffnet 13.8.2021 \u2013 16:00 \u2013 administravive und technische \u00dcbernahme 14.8.2021 \u2013 06:15 \u2013 administrative und technische \u00dcbernahme. Nur f\u00fcr Fahrer, die vorher angemeldet haben, dass sie erst am Tag des Rennen eintreffen \u2013 08:00 \u2013 Ende der \u00dcbernahmen \u2013 08:20 \u2013 Fahrerbesprechung \u2013 8:30 \u2013 Training \u2013&hellip;<\/p>\n","protected":false},"author":2,"featured_media":542,"comment_status":"closed","ping_status":"open","sticky":false,"template":"","format":"standard","meta":[],"categories":[25],"tags":[],"_links":{"self":[{"href":"https:\/\/www.krusnohorskypohar.cz\/index.php\/wp-json\/wp\/v2\/posts\/941"}],"collection":[{"href":"https:\/\/www.krusnohorskypohar.cz\/index.php\/wp-json\/wp\/v2\/posts"}],"about":[{"href":"https:\/\/www.krusnohorskypohar.cz\/index.php\/wp-json\/wp\/v2\/types\/post"}],"author":[{"embeddable":true,"href":"https:\/\/www.krusnohorskypohar.cz\/index.php\/wp-json\/wp\/v2\/users\/2"}],"replies":[{"embeddable":true,"href":"https:\/\/www.krusnohorskypohar.cz\/index.php\/wp-json\/wp\/v2\/comments?post=941"}],"version-history":[{"count":4,"href":"https:\/\/www.krusnohorskypohar.cz\/index.php\/wp-json\/wp\/v2\/posts\/941\/revisions"}],"predecessor-version":[{"id":963,"href":"https:\/\/www.krusnohorskypohar.cz\/index.php\/wp-json\/wp\/v2\/posts\/941\/revisions\/963"}],"wp:featuredmedia":[{"embeddable":true,"href":"https:\/\/www.krusnohorskypohar.cz\/index.php\/wp-json\/wp\/v2\/media\/542"}],"wp:attachment":[{"href":"https:\/\/www.krusnohorskypohar.cz\/index.php\/wp-json\/wp\/v2\/media?parent=941"}],"wp:term":[{"taxonomy":"category","embeddable":true,"href":"https:\/\/www.krusnohorskypohar.cz\/index.php\/wp-json\/wp\/v2\/categories?post=941"},{"taxonomy":"post_tag","embeddable":true,"href":"https:\/\/www.krusnohorskypohar.cz\/index.php\/wp-json\/wp\/v2\/tags?post=941"}],"curies":[{"name":"wp","href":"https:\/\/api.w.org\/{rel}","templated":true}]}}