{"id":939,"date":"2021-07-29T12:24:32","date_gmt":"2021-07-29T12:24:32","guid":{"rendered":"https:\/\/www.krusnohorskypohar.cz\/?p=939"},"modified":"2021-08-01T16:04:20","modified_gmt":"2021-08-01T16:04:20","slug":"zvlastni-ustanoveni-zavodu-utery-svetec","status":"publish","type":"post","link":"https:\/\/www.krusnohorskypohar.cz\/index.php\/2021\/07\/29\/zvlastni-ustanoveni-zavodu-utery-svetec\/","title":{"rendered":"Zvl\u00e1\u0161tn\u00ed ustanoven\u00ed z\u00e1vodu \u00dater\u00fd-Sv\u011btec"},"content":{"rendered":"\n<p><strong>Program podniku<\/strong><\/p>\n\n\n\n<p><strong>12.8.2021<\/strong><br>13.00 hod-otev\u0159en\u00ed depa z\u00e1vodn\u00edch stroj\u016f<br><strong>13.8.2021<\/strong><\/p>\n\n\n\n<p>16.00 hod- administrativn\u00ed a technick\u00e1 p\u0159ej\u00edmka<\/p>\n\n\n\n<p><strong>14.8.2021-<\/strong><\/p>\n\n\n\n<p>6.15 hod- administrativn\u00ed a technick\u00e1 p\u0159ej\u00edmka<br>8.00 hod- ukon\u010den\u00ed p\u0159ej\u00edmek<br>8.20 hod-rozprava s jezdci v depu<br>8.30 hod- nem\u011b\u0159en\u00fd tr\u00e9nink<\/p>\n\n\n\n<p>10.30 hod- m\u011b\u0159en\u00fd tr\u00e9nink<br>12.30 hod- prvn\u00ed m\u011b\u0159en\u00e1 ostr\u00e1 j\u00edzda<br>15.00 hod- druh\u00e1 ostr\u00e1 m\u011b\u0159en\u00e1 j\u00edzda<br>18:00 hod- dekorov\u00e1n\u00ed v\u00edt\u011bz\u016f z\u00e1vodu.<\/p>\n\n\n\n<p><strong>15.8.2021-<\/strong><\/p>\n\n\n\n<p>7.10 hod- administrativn\u00ed a technick\u00e1 p\u0159ej\u00edmka -nov\u00fd jezdci<br>8.00 hod- ukon\u010den\u00ed p\u0159ej\u00edmek<br>8.20 hod-rozprava s jezdci v depu<br>8.30 hod- m\u011b\u0159en\u00fd tr\u00e9nink<\/p>\n\n\n\n<p>10.30 hod- m\u011b\u0159en\u00fd tr\u00e9nink<br>12.30 hod- prvn\u00ed m\u011b\u0159en\u00e1 ostr\u00e1 j\u00edzda<br>15.00 hod- druh\u00e1 ostr\u00e1 m\u011b\u0159en\u00e1 j\u00edzda<br>17:00 hod- dekorov\u00e1n\u00ed v\u00edt\u011bz\u016f z\u00e1vodu.<\/p>\n\n\n\n<p>Po\u0159\u00e1d\u00e1n\u00edm z\u00e1vodu je pov\u011b\u0159en Automotosport Osek z.s<\/p>\n\n\n\n<p>Organiza\u010dn\u00ed v\u00fdbor,sekretari\u00e1ty,\u010dinovn\u00edci<br>1.\u010cinovn\u00edci \u2013<br>\u0158editel z\u00e1vodu \u2013 Krej\u010d\u00ed Vladim\u00edr<br>Technick\u00fd komisa\u0159i- , M\u011bkuta Lud\u011bk<br>Administrat\u00edvn\u00ed pracovn\u00edk- Zora Kl\u00edmov\u00e1<br>Bezpe\u010dnostn\u00ed komisa\u0159 trat\u011b \u2013 Michal Strach,Martin Toman<br>Start\u00e9r -M\u011bkuta Filip<br>po\u0159adatel\u00e9- Automotosport Osek z.s<br>Rescue team Liberec, <br>L\u00e9ka\u0159 nemocnice \u00dast\u00ed nad Labem<\/p>\n\n\n\n<p>Hasi\u010di Osek<br>Sanita<br>Odtahov\u00e1 slu\u017eba- Auto Stumi-Petr \u0160tumr<br>n\u011bmeck\u00fd mluv\u010d\u00ed \u2013Radim Sokol<\/p>\n\n\n\n<p>Ofici\u00e1ln\u00ed v\u00fdv\u011bska z\u00e1vodu<br>Ve\u0161ker\u00e1 ozn\u00e1men\u00ed a rozhodnut\u00ed, stejn\u011b jako v\u00fdsledky jsou zve\u0159ej\u0148ov\u00e1ny na ofici\u00e1ln\u00ed v\u00fdv\u011bskov\u00e9 tabuli ,kter\u00e1 je um\u00edst\u011bna v prostoru servisn\u00edho parkovi\u0161t\u011b z\u00e1vodu.<\/p>\n\n\n\n<p>V\u0161eobecn\u00e1 ustanoven\u00ed<\/p>\n\n\n\n<p>\u00davod<br>Z\u00e1vod je po\u0159\u00e1d\u00e1n v souladu s propozicemi Kru\u0161nohorsk\u00e9ho poh\u00e1ru<br>Podnik je zapo\u010d\u00edt\u00e1v\u00e1n do n\u00e1sleduj\u00edc\u00edch seri\u00e1lu : Kru\u0161nohorsk\u00fd poh\u00e1r<br>Po\u0159adatel si vyhrazuje pr\u00e1vo zm\u011bny organizace sportovn\u00edho podniku z d\u016fvodu vy\u0161\u0161\u00ed moci ,p\u0159\u00edpadn\u011b odvol\u00e1n\u00ed podniku z velmi v\u00e1\u017en\u00fdch d\u016fvod\u016f.<\/p>\n\n\n\n<p>Tra\u0165<br>Z\u00e1vody se konaj\u00ed na trati \u00dater\u00fd-Svetec<br>D\u00e9lka trat\u011b cca 2452 m<br>Povrch : jednotn\u00fd asfalt<br>Minim\u00e1ln\u00ed \u0161\u00ed\u0159e : 4,5 m<br>\u0158editelstv\u00ed z\u00e1vodu je na M\u011bstsk\u00e9m \u00fa\u0159adu \u00dater\u00fd (1.patro)<br>Stanovi\u0161t\u011b sanity s l\u00e9ka\u0159em je v prostoru startu \u00dater\u00fd<br>Servisn\u00ed parkovi\u0161t\u011b je um\u00edst\u011bno ve m\u011bst\u011b \u00dater\u00fd.<\/p>\n\n\n\n<p>P\u0159ijat\u00e9 vozy<br>Z\u00e1vod je vyps\u00e1n v souladu s Ro\u010denkou 2021 pro vozy kategorie N,E1,H,E2,N2,R, \u0160koda cup<\/p>\n\n\n\n<p>Ve v\u0161ech skupin\u00e1ch jsou povinn\u00e9 bezpe\u010dnostn\u00ed r\u00e1my.<\/p>\n\n\n\n<p>P\u0159ihl\u00e1\u0161ky<br>kapacita napln\u011bna.<\/p>\n\n\n\n<p>Vklad<br>Platba- 3400K\u010c -Jeden z\u00e1vod 2000K\u010d-<\/p>\n\n\n\n<p>Poji\u0161t\u011bn\u00ed proti t\u0159et\u00ed osob\u011b-<br>na dvoudenn\u00ed z\u00e1vod 400K\u010d (20 Euro) Platba poji\u0161t\u011bn\u00ed je sou\u010dast\u00ed startovn\u00e9ho. Ka\u017ed\u00fd z\u00e1vodn\u00edk po zaplacen\u00ed startovn\u00e9ho po\u0159adateli Automotosport Osek z.s a podeps\u00e1n\u00ed administrativn\u00ed karty p\u0159i hav\u00e1rii na trati nebude nic \u0159e\u0161it. Ve\u0161ker\u00e9 poni\u010den\u00e9 v\u011bci (t\u0159et\u00ed osob\u011b) bude \u0159e\u0161it po\u0159adatel z\u00e1vod\u016f. Po\u0159adatel si m\u016f\u017ee n\u00e1rokovat po jezdci z rozbit\u00e9 v\u011bci maxim\u00e1ln\u011b do \u010d\u00e1stky 5000k\u010d.(je\u0161t\u011b nikdy jsme to po jezdci necht\u011bli) P\u0159\u00edklad svodidla, ploty atd.. Toto se nevztahuje na depo, kde z\u00e1vodn\u00edk mus\u00ed dodr\u017eovat p\u0159edepsanou rychlost 30km\/h.<\/p>\n\n\n\n<p>Administrativn\u00ed p\u0159ej\u00edmka<br>Administrativn\u00ed a technick\u00e1 p\u0159ej\u00edmka se kon\u00e1 v \u010dase stanoven\u00e9m dle programu podniku v prostoru \u0159editelstv\u00ed z\u00e1vodu v depu.<\/p>\n\n\n\n<p>Technick\u00e1 p\u0159ej\u00edmka<br>Technick\u00e1 p\u0159ej\u00edmka se kon\u00e1 dle \u010dasov\u00e9ho harmonogramu . Technick\u00fd komisa\u0159 si obch\u00e1z\u00ed vozy v depu.<br>V\u00fdsledkov\u00e9 listiny s v\u00fdsledky jezdc\u016f ve skupin\u00e1ch, t\u0159\u00edd\u00e1ch a absolutn\u00ed klasifikaci budou k dispozici jezdc\u016fm, sout\u011b\u017e\u00edc\u00edm a tisku v prostor\u00e1ch \u0159editelstv\u00ed z\u00e1vod\u016f.<br>Protest spolu s uhrazen\u00edm kauce mus\u00ed b\u00fdt pod\u00e1n v\u00fdhradn\u011b sout\u011b\u017e\u00edc\u00edm nebo jeho plnou moc\u00ed pov\u011b\u0159en\u00fdm z\u00e1stupcem p\u00edsemnou formou v \u010dase a v souladu s \u0159\u00e1dy.<\/p>\n\n\n\n<p>Ceny, poh\u00e1ry, p\u0159ed\u00e1n\u00ed cen<br>M\u00edstem vyhl\u00e1\u0161en\u00ed v\u00fdsledk\u016f, p\u0159ed\u00e1n\u00ed poh\u00e1r\u016f a cen je prostor p\u0159ed ob\u010derstven\u00edm.<br>Jezdci na prvn\u00edch t\u0159ech m\u00edstech ve v\u0161ech vypsan\u00fdch t\u0159\u00edd\u00e1ch obdr\u017e\u00ed poh\u00e1r a d\u00e1le v\u011bcn\u00e9 ceny dle p\u0159\u00e1n\u00ed partner\u016f z\u00e1vod\u016f. Krej\u010d\u00ed Vladim\u00edr-\u0159editel Kru\u0161nohorsk\u00e9ho poh\u00e1r<\/p>\n","protected":false},"excerpt":{"rendered":"<p>Program podniku 12.8.202113.00 hod-otev\u0159en\u00ed depa z\u00e1vodn\u00edch stroj\u016f13.8.2021 16.00 hod- administrativn\u00ed a technick\u00e1 p\u0159ej\u00edmka 14.8.2021- 6.15 hod- administrativn\u00ed a technick\u00e1 p\u0159ej\u00edmka8.00 hod- ukon\u010den\u00ed p\u0159ej\u00edmek8.20 hod-rozprava s jezdci v depu8.30 hod- nem\u011b\u0159en\u00fd tr\u00e9nink 10.30 hod- m\u011b\u0159en\u00fd tr\u00e9nink12.30 hod- prvn\u00ed m\u011b\u0159en\u00e1 ostr\u00e1 j\u00edzda15.00 hod- druh\u00e1 ostr\u00e1 m\u011b\u0159en\u00e1 j\u00edzda18:00 hod- dekorov\u00e1n\u00ed v\u00edt\u011bz\u016f z\u00e1vodu. 15.8.2021- 7.10 hod- administrativn\u00ed a technick\u00e1&hellip;<\/p>\n","protected":false},"author":2,"featured_media":542,"comment_status":"closed","ping_status":"open","sticky":false,"template":"","format":"standard","meta":[],"categories":[25],"tags":[],"_links":{"self":[{"href":"https:\/\/www.krusnohorskypohar.cz\/index.php\/wp-json\/wp\/v2\/posts\/939"}],"collection":[{"href":"https:\/\/www.krusnohorskypohar.cz\/index.php\/wp-json\/wp\/v2\/posts"}],"about":[{"href":"https:\/\/www.krusnohorskypohar.cz\/index.php\/wp-json\/wp\/v2\/types\/post"}],"author":[{"embeddable":true,"href":"https:\/\/www.krusnohorskypohar.cz\/index.php\/wp-json\/wp\/v2\/users\/2"}],"replies":[{"embeddable":true,"href":"https:\/\/www.krusnohorskypohar.cz\/index.php\/wp-json\/wp\/v2\/comments?post=939"}],"version-history":[{"count":4,"href":"https:\/\/www.krusnohorskypohar.cz\/index.php\/wp-json\/wp\/v2\/posts\/939\/revisions"}],"predecessor-version":[{"id":960,"href":"https:\/\/www.krusnohorskypohar.cz\/index.php\/wp-json\/wp\/v2\/posts\/939\/revisions\/960"}],"wp:featuredmedia":[{"embeddable":true,"href":"https:\/\/www.krusnohorskypohar.cz\/index.php\/wp-json\/wp\/v2\/media\/542"}],"wp:attachment":[{"href":"https:\/\/www.krusnohorskypohar.cz\/index.php\/wp-json\/wp\/v2\/media?parent=939"}],"wp:term":[{"taxonomy":"category","embeddable":true,"href":"https:\/\/www.krusnohorskypohar.cz\/index.php\/wp-json\/wp\/v2\/categories?post=939"},{"taxonomy":"post_tag","embeddable":true,"href":"https:\/\/www.krusnohorskypohar.cz\/index.php\/wp-json\/wp\/v2\/tags?post=939"}],"curies":[{"name":"wp","href":"https:\/\/api.w.org\/{rel}","templated":true}]}}