{"id":9380,"date":"2026-04-26T05:03:03","date_gmt":"2026-04-26T05:03:03","guid":{"rendered":"https:\/\/www.krusnohorskypohar.cz\/?p=9380"},"modified":"2026-04-26T05:03:03","modified_gmt":"2026-04-26T05:03:03","slug":"zav-bilina-trat-a-depo-2","status":"publish","type":"post","link":"https:\/\/www.krusnohorskypohar.cz\/index.php\/2026\/04\/26\/zav-bilina-trat-a-depo-2\/","title":{"rendered":"ZAV B\u00edlina-Tra\u0165 a depo"},"content":{"rendered":"\n<p>V\u00e1\u017een\u00ed p\u0159\u00e1tel\u00e9, p\u0159edstavujeme V\u00e1m tra\u0165 a depo z\u00e1vodu B\u00edlina- Ka\u0148kov kter\u00fd se bude konat dne 10.5.2026. Tra\u0165 ZAV B\u00edlina m\u011b\u0159\u00ed 1550m s p\u0159ev\u00fd\u0161en\u00edm 115m. Tra\u0165 je technick\u00e1 bez rovin. Na trati je zat\u00e1\u010dka za zat\u00e1\u010dkou. Zde mus\u00ed jezdec uk\u00e1zat sv\u00e9 um\u011bn\u00ed. Zde se s\u00edla motoru moc neznamen\u00e1. Tato tra\u0165 se minulosti jezdila jako mistrovstv\u00ed \u010cR. B\u00edlina se nach\u00e1z\u00ed nedaleko m\u011bst Teplice a Most. P\u0159ikl\u00e1d\u00e1me mapu a video. Na tento z\u00e1vod vypisuje po\u0159adatel skupinu Drift.<\/p>\n\n\n\n<figure class=\"wp-block-embed is-type-video is-provider-youtube wp-block-embed-youtube wp-embed-aspect-16-9 wp-has-aspect-ratio\"><div class=\"wp-block-embed__wrapper\">\n<iframe loading=\"lazy\" title=\"Kru\u0161nohorsk\u00fd poh\u00e1r \/ ZAV - B\u00edlina 2025 , 3.run , Pavel Hornych - onboard \u0160koda Fabia WRC\" width=\"1170\" height=\"658\" src=\"https:\/\/www.youtube.com\/embed\/AMZmNLiNNGo?feature=oembed\" frameborder=\"0\" allow=\"accelerometer; autoplay; clipboard-write; encrypted-media; gyroscope; picture-in-picture; web-share\" referrerpolicy=\"strict-origin-when-cross-origin\" allowfullscreen><\/iframe>\n<\/div><\/figure>\n\n\n\n<figure class=\"wp-block-image size-large\"><img loading=\"lazy\" width=\"731\" height=\"1024\" src=\"https:\/\/www.krusnohorskypohar.cz\/wp-content\/uploads\/2023\/11\/bilina-731x1024-1.png\" alt=\"\" class=\"wp-image-5798\" srcset=\"https:\/\/www.krusnohorskypohar.cz\/wp-content\/uploads\/2023\/11\/bilina-731x1024-1.png 731w, https:\/\/www.krusnohorskypohar.cz\/wp-content\/uploads\/2023\/11\/bilina-731x1024-1-214x300.png 214w\" sizes=\"(max-width: 731px) 100vw, 731px\" \/><\/figure>\n\n\n\n<p><strong>Depo z\u00e1vodn\u00edch stroj\u016f ZAV B\u00edlina<\/strong><\/p>\n\n\n\n<p>Jezdci kte\u0159\u00ed budou naj\u00ed\u017ed\u011bt do depa v sobotu 9.5.2026 mohou naj\u00ed\u017ed\u011bt po 16 hod. D\u0159\u00edve ne. Uz\u00e1v\u011bra je od 9.5.2026 od 16:00hod do ned\u011ble 10.5.2026 do 18:00hod. V depu bude p\u0159\u00ed\u010dn\u00e9 st\u00e1n\u00ed po prav\u00e9 stran\u011b sm\u011brem na start z\u00e1vodu. Do depa mohou pouze jezdci . Doprovody pros\u00edme aby odstavovali sv\u00e9 osobn\u00ed automobily sm\u011brem do D\u016fln\u00ed ulice. Z\u00e1vodn\u00edk v \u017e\u00e1dn\u00e9m p\u0159\u00edpad\u011b nesm\u00ed vyjet mimo ozna\u010den\u00e9 depo. V sobotu je z\u00e1vodn\u00edk povinen pouze slo\u017eit v\u016fz a nikam nevyj\u00ed\u017ed\u011bt. Pros\u00edme t\u00e9\u017e aby jste neodstavovali sv\u00e9 vozy k vjezd\u016fm do dom\u016fm obyvatel\u016fm m\u011bsta B\u00edlina. Technick\u00fd komisa\u0159i si vozy v depu obejdou. V\u0161e naleznete v p\u0159ilo\u017een\u00e9 map\u011b. V depu naleznete ob\u010derstven\u00ed tak i WC.<\/p>\n\n\n\n<p><strong>Div\u00e1ci<\/strong>\u2013 pros\u00edme div\u00e1ky kte\u0159\u00ed p\u0159ijedou na z\u00e1vod se d\u00edvat aby odstavovali sv\u00e9 vozy do D\u016fln\u00ed ulice a zbytek do\u0161li p\u011b\u0161ky. Vozem se do depa nedostanete. Pros\u00edme div\u00e1ky aby dodr\u017eovali pokyny po\u0159adatel\u016f a pohybovali se pouze v bezpe\u010dn\u00fdch prostor\u00e1ch. Po cel\u00e9 trati budou vyzna\u010deny. V \u017e\u00e1dn\u00e9m p\u0159\u00edpad\u011b se nepohybujte po vozovce ale v depu po chodn\u00edku. P\u0159edem v\u0161em za to moc d\u011bkujeme. Moc v\u00e1m p\u0159ejeme kr\u00e1snou a bezpe\u010dnou pod\u00edvanou.<\/p>\n\n\n\n<p><strong>Fotografov\u00e9<\/strong>\u2013 mus\u00ed si vyplnit akreditaci v \u0159editelstv\u00ed z\u00e1vodu. Po t\u00e9 budou pou\u010deny jak a kde se pohybovat.<\/p>\n\n\n\n<figure class=\"wp-block-image size-large\"><img loading=\"lazy\" width=\"869\" height=\"514\" src=\"https:\/\/www.krusnohorskypohar.cz\/wp-content\/uploads\/2021\/09\/depo-bilina.png\" alt=\"\" class=\"wp-image-1194\" srcset=\"https:\/\/www.krusnohorskypohar.cz\/wp-content\/uploads\/2021\/09\/depo-bilina.png 869w, https:\/\/www.krusnohorskypohar.cz\/wp-content\/uploads\/2021\/09\/depo-bilina-300x177.png 300w, https:\/\/www.krusnohorskypohar.cz\/wp-content\/uploads\/2021\/09\/depo-bilina-768x454.png 768w\" sizes=\"(max-width: 869px) 100vw, 869px\" \/><\/figure>\n","protected":false},"excerpt":{"rendered":"<p>V\u00e1\u017een\u00ed p\u0159\u00e1tel\u00e9, p\u0159edstavujeme V\u00e1m tra\u0165 a depo z\u00e1vodu B\u00edlina- Ka\u0148kov kter\u00fd se bude konat dne 10.5.2026. Tra\u0165 ZAV B\u00edlina m\u011b\u0159\u00ed 1550m s p\u0159ev\u00fd\u0161en\u00edm 115m. Tra\u0165 je technick\u00e1 bez rovin. Na trati je zat\u00e1\u010dka za zat\u00e1\u010dkou. Zde mus\u00ed jezdec uk\u00e1zat sv\u00e9 um\u011bn\u00ed. Zde se s\u00edla motoru moc neznamen\u00e1. Tato tra\u0165 se minulosti jezdila jako mistrovstv\u00ed \u010cR.&hellip;<\/p>\n","protected":false},"author":2,"featured_media":5798,"comment_status":"closed","ping_status":"open","sticky":false,"template":"","format":"standard","meta":[],"categories":[79],"tags":[],"_links":{"self":[{"href":"https:\/\/www.krusnohorskypohar.cz\/index.php\/wp-json\/wp\/v2\/posts\/9380"}],"collection":[{"href":"https:\/\/www.krusnohorskypohar.cz\/index.php\/wp-json\/wp\/v2\/posts"}],"about":[{"href":"https:\/\/www.krusnohorskypohar.cz\/index.php\/wp-json\/wp\/v2\/types\/post"}],"author":[{"embeddable":true,"href":"https:\/\/www.krusnohorskypohar.cz\/index.php\/wp-json\/wp\/v2\/users\/2"}],"replies":[{"embeddable":true,"href":"https:\/\/www.krusnohorskypohar.cz\/index.php\/wp-json\/wp\/v2\/comments?post=9380"}],"version-history":[{"count":1,"href":"https:\/\/www.krusnohorskypohar.cz\/index.php\/wp-json\/wp\/v2\/posts\/9380\/revisions"}],"predecessor-version":[{"id":9381,"href":"https:\/\/www.krusnohorskypohar.cz\/index.php\/wp-json\/wp\/v2\/posts\/9380\/revisions\/9381"}],"wp:featuredmedia":[{"embeddable":true,"href":"https:\/\/www.krusnohorskypohar.cz\/index.php\/wp-json\/wp\/v2\/media\/5798"}],"wp:attachment":[{"href":"https:\/\/www.krusnohorskypohar.cz\/index.php\/wp-json\/wp\/v2\/media?parent=9380"}],"wp:term":[{"taxonomy":"category","embeddable":true,"href":"https:\/\/www.krusnohorskypohar.cz\/index.php\/wp-json\/wp\/v2\/categories?post=9380"},{"taxonomy":"post_tag","embeddable":true,"href":"https:\/\/www.krusnohorskypohar.cz\/index.php\/wp-json\/wp\/v2\/tags?post=9380"}],"curies":[{"name":"wp","href":"https:\/\/api.w.org\/{rel}","templated":true}]}}