{"id":9236,"date":"2026-02-24T17:50:27","date_gmt":"2026-02-24T17:50:27","guid":{"rendered":"https:\/\/www.krusnohorskypohar.cz\/?p=9236"},"modified":"2026-02-24T17:50:27","modified_gmt":"2026-02-24T17:50:27","slug":"zav-autodrom-sosnova-kapacita-trate-se-naplnila","status":"publish","type":"post","link":"https:\/\/www.krusnohorskypohar.cz\/index.php\/2026\/02\/24\/zav-autodrom-sosnova-kapacita-trate-se-naplnila\/","title":{"rendered":"ZAV Autodrom Sosnov\u00e1-kapacita trat\u011b se naplnila"},"content":{"rendered":"\n<p>Dne\u0161n\u00edm dnem se uzav\u00edraj\u00ed p\u0159ihl\u00e1\u0161ky do prvn\u00edho z\u00e1vodu nov\u00e9 sez\u00f3ny 2026. Elektronick\u00e9 p\u0159ihl\u00e1\u0161ky z\u016fst\u00e1vaj\u00ed otev\u0159en\u011b pro n\u00e1hradn\u00edky a jezdce kter\u00e9 odjeli alespo\u0148 jeden z\u00e1vod minul\u00e9 sez\u00f3ny 2025. Jezdci kte\u0159\u00ed odjeli v minul\u00e9 sez\u00f3n\u011b alespo\u0148 jeden z\u00e1vod budou automaticky vlo\u017eeny do startovn\u00ed listiny. Pokud se uvoln\u00ed m\u00edsto budou kontaktov\u00e1ni n\u00e1hradn\u00edci telefonicky, kde jim ozn\u00e1m\u00edme \u017ee byli vlo\u017eeny do startovn\u00ed listiny do z\u00e1vodu na Autodrom Sosnov\u00e1.<\/p>\n","protected":false},"excerpt":{"rendered":"<p>Dne\u0161n\u00edm dnem se uzav\u00edraj\u00ed p\u0159ihl\u00e1\u0161ky do prvn\u00edho z\u00e1vodu nov\u00e9 sez\u00f3ny 2026. Elektronick\u00e9 p\u0159ihl\u00e1\u0161ky z\u016fst\u00e1vaj\u00ed otev\u0159en\u011b pro n\u00e1hradn\u00edky a jezdce kter\u00e9 odjeli alespo\u0148 jeden z\u00e1vod minul\u00e9 sez\u00f3ny 2025. Jezdci kte\u0159\u00ed odjeli v minul\u00e9 sez\u00f3n\u011b alespo\u0148 jeden z\u00e1vod budou automaticky vlo\u017eeny do startovn\u00ed listiny. Pokud se uvoln\u00ed m\u00edsto budou kontaktov\u00e1ni n\u00e1hradn\u00edci telefonicky, kde jim ozn\u00e1m\u00edme \u017ee byli&hellip;<\/p>\n","protected":false},"author":2,"featured_media":470,"comment_status":"closed","ping_status":"open","sticky":false,"template":"","format":"standard","meta":[],"categories":[78],"tags":[],"_links":{"self":[{"href":"https:\/\/www.krusnohorskypohar.cz\/index.php\/wp-json\/wp\/v2\/posts\/9236"}],"collection":[{"href":"https:\/\/www.krusnohorskypohar.cz\/index.php\/wp-json\/wp\/v2\/posts"}],"about":[{"href":"https:\/\/www.krusnohorskypohar.cz\/index.php\/wp-json\/wp\/v2\/types\/post"}],"author":[{"embeddable":true,"href":"https:\/\/www.krusnohorskypohar.cz\/index.php\/wp-json\/wp\/v2\/users\/2"}],"replies":[{"embeddable":true,"href":"https:\/\/www.krusnohorskypohar.cz\/index.php\/wp-json\/wp\/v2\/comments?post=9236"}],"version-history":[{"count":1,"href":"https:\/\/www.krusnohorskypohar.cz\/index.php\/wp-json\/wp\/v2\/posts\/9236\/revisions"}],"predecessor-version":[{"id":9237,"href":"https:\/\/www.krusnohorskypohar.cz\/index.php\/wp-json\/wp\/v2\/posts\/9236\/revisions\/9237"}],"wp:featuredmedia":[{"embeddable":true,"href":"https:\/\/www.krusnohorskypohar.cz\/index.php\/wp-json\/wp\/v2\/media\/470"}],"wp:attachment":[{"href":"https:\/\/www.krusnohorskypohar.cz\/index.php\/wp-json\/wp\/v2\/media?parent=9236"}],"wp:term":[{"taxonomy":"category","embeddable":true,"href":"https:\/\/www.krusnohorskypohar.cz\/index.php\/wp-json\/wp\/v2\/categories?post=9236"},{"taxonomy":"post_tag","embeddable":true,"href":"https:\/\/www.krusnohorskypohar.cz\/index.php\/wp-json\/wp\/v2\/tags?post=9236"}],"curies":[{"name":"wp","href":"https:\/\/api.w.org\/{rel}","templated":true}]}}