{"id":8516,"date":"2025-09-18T15:52:39","date_gmt":"2025-09-18T15:52:39","guid":{"rendered":"https:\/\/www.krusnohorskypohar.cz\/?p=8516"},"modified":"2025-09-18T15:52:39","modified_gmt":"2025-09-18T15:52:39","slug":"zvlastni-ustanoveni-zavodu-zav-kdyne-4","status":"publish","type":"post","link":"https:\/\/www.krusnohorskypohar.cz\/index.php\/2025\/09\/18\/zvlastni-ustanoveni-zavodu-zav-kdyne-4\/","title":{"rendered":"Zvl\u00e1\u0161tn\u00ed ustanoven\u00ed z\u00e1vodu ZAV Kdyn\u011b"},"content":{"rendered":"\n<ul><li><strong>Program podniku<\/strong><\/li><li><strong>26.9.2025<\/strong><br>16.00 hod-otev\u0159en\u00ed depa z\u00e1vodn\u00edch stroj\u016f<\/li><li>16:30hod do 20:30hod- administrativn\u00ed a technick\u00e1 p\u0159ej\u00edmka<br><strong>27.9.2025<\/strong><\/li><li>7.15 hod- administrativn\u00ed a technick\u00e1 p\u0159ej\u00edmka<br>8.10 hod- ukon\u010den\u00ed p\u0159ej\u00edmek<br>8.20 hod-rozprava s jezdci v depu<br>8.30 hod- nem\u011b\u0159en\u00fd tr\u00e9nink<\/li><li>9.45hod- m\u011b\u0159en\u00fd tr\u00e9nink<\/li><li>12.30 hod- prvn\u00ed m\u011b\u0159en\u00e1 ostr\u00e1 j\u00edzda<br>14.30 hod- druh\u00e1 m\u011b\u0159en\u00e1 ostr\u00e1 j\u00edzda<br>16.00 hod- t\u0159et\u00ed ostr\u00e1 m\u011b\u0159en\u00e1 j\u00edzda<br>18:00 hod- dekorov\u00e1n\u00ed v\u00edt\u011bz\u016f z\u00e1vodu.<\/li><li><strong>28.9.2025<\/strong><\/li><li>7.30 hod- administrativn\u00ed a technick\u00e1 p\u0159ej\u00edmka pro nov\u00e9 jezdce<\/li><li>8.10 hod- ukon\u010den\u00ed p\u0159ej\u00edmek<\/li><li>8.20 hod-rozprava s jezdci v depu<\/li><li>8.30 hod- nem\u011b\u0159en\u00fd tr\u00e9nink pouze pro nov\u00e9 jezdce<\/li><li>9.45hod- m\u011b\u0159en\u00fd tr\u00e9nink<\/li><li>12.30 hod- prvn\u00ed m\u011b\u0159en\u00e1 ostr\u00e1 j\u00edzda<\/li><li>14.30 hod- druh\u00e1 m\u011b\u0159en\u00e1 ostr\u00e1 j\u00edzda<\/li><li>16.00 hod- t\u0159et\u00ed ostr\u00e1 m\u011b\u0159en\u00e1 j\u00edzda<\/li><li>18:00 hod- dekorov\u00e1n\u00ed v\u00edt\u011bz\u016f z\u00e1vodu.<\/li><li><strong>Organiza\u010dn\u00ed v\u00fdbor, sekretari\u00e1ty, \u010dinovn\u00edci<\/strong><\/li><li>Po\u0159\u00e1d\u00e1n\u00edm z\u00e1vodu je pov\u011b\u0159en Kru\u0161nohorsk\u00fd poh\u00e1r z.s<\/li><li><strong>\u010cinovn\u00edci \u2013<\/strong><br>Promot\u00e9r a \u0159editel z\u00e1vodu \u2013 Krej\u010d\u00ed Vladim\u00edr<br>Technick\u00fd komisa\u0159i- ing. Stanislav Polej<br>Administrativn\u00ed pracovn\u00edk- Zora Kl\u00edmov\u00e1<br>Bezpe\u010dnostn\u00ed komisa\u0159 trat\u011b \u2013 Michal Strach, Martin Toman<br>Start\u00e9r -M\u011bkuta Filip<br>po\u0159adatel\u00e9- Kru\u0161nohorsk\u00fd poh\u00e1r z.s<\/li><li>Hasi\u010di <br>Rescue team Liberec,<br>L\u00e9ka\u0159 nemocnice \u00dast\u00ed nad Labem, Sanita<br>Odtahov\u00e1 slu\u017eba-Michal Weinhold<br><strong>Ofici\u00e1ln\u00ed v\u00fdv\u011bska z\u00e1vodu<\/strong><br>Ve\u0161ker\u00e1 ozn\u00e1men\u00ed a rozhodnut\u00ed, stejn\u011b jako v\u00fdsledky jsou zve\u0159ej\u0148ov\u00e1ny na ofici\u00e1ln\u00ed v\u00fdv\u011bskov\u00e9 tabuli ,kter\u00e1 je um\u00edst\u011bna v prostoru servisn\u00edho parkovi\u0161t\u011b z\u00e1vodu.<\/li><li><strong>V\u0161eobecn\u00e1 ustanoven\u00ed<\/strong><\/li><li><strong>\u00davod<\/strong><br>Z\u00e1vod je po\u0159\u00e1d\u00e1n v souladu s propozicemi Kru\u0161nohorsk\u00e9ho poh\u00e1ru<br>Podnik je zapo\u010d\u00edt\u00e1v\u00e1n do n\u00e1sleduj\u00edc\u00edch seri\u00e1lu : Kru\u0161nohorsk\u00fd poh\u00e1r<br>Po\u0159adatel si vyhrazuje pr\u00e1vo zm\u011bny organizace sportovn\u00edho podniku z d\u016fvodu vy\u0161\u0161\u00ed moci ,p\u0159\u00edpadn\u011b odvol\u00e1n\u00ed podniku z velmi v\u00e1\u017en\u00fdch d\u016fvod\u016f.<\/li><li><strong>Tra\u0165<\/strong><br>Z\u00e1vody se konaj\u00ed na trati Kdyn\u011b-Kor\u00e1b<\/li><li>D\u00e9lka trat\u011b cca 2200 m<\/li><li>Povrch : jednotn\u00fd asfalt<\/li><li>Minim\u00e1ln\u00ed \u0161\u00ed\u0159e : 4,5 m<\/li><li>\u0158editelstv\u00ed z\u00e1vodu je na v RESTAURACI Kdyn\u011b u koupali\u0161t\u011b<\/li><li>Stanovi\u0161t\u011b sanity s l\u00e9ka\u0159em je v prostoru startu Kdyn\u011b<\/li><li>Servisn\u00ed parkovi\u0161t\u011b je um\u00edst\u011bno ve m\u011bst\u011b Kdyn\u011b u koupali\u0161t\u011b a p\u0159ilehl\u00e9 ulici<\/li><li><strong>P\u0159ijat\u00e9 vozy<\/strong><br>Z\u00e1vod je vyps\u00e1n v souladu s Ro\u010denkou 2025 pro vozy kategorie N,E1,H,E2,N2,R, \u0160koda cup<\/li><li>Ve v\u0161ech skupin\u00e1ch jsou povinn\u00e9 bezpe\u010dnostn\u00ed r\u00e1my.<\/li><li><strong>P\u0159ihl\u00e1\u0161ky<\/strong><br>kapacita napln\u011bna<\/li><li><strong>Vklad<\/strong><br>Platba- 3800K\u010c\/150 euro, jeden den 2500k\u010d\/100euro<\/li><li><strong>Poji\u0161t\u011bn\u00ed- fond oprav<\/strong><\/li><li>Platba fondu oprav bude p\u0159i administrativn\u00ed p\u0159ej\u00edmce, Sez\u00f3n\u00ed-1000k\u010d, na jeden z\u00e1vod-400k\u010d<\/li><li><strong>Administrativn\u00ed p\u0159ej\u00edmka<\/strong><br>Administrativn\u00ed a technick\u00e1 p\u0159ej\u00edmka se kon\u00e1 v \u010dase stanoven\u00e9m dle programu podniku v prostoru \u0159editelstv\u00ed z\u00e1vodu v depu.<\/li><li><strong>Technick\u00e1 p\u0159ej\u00edmka<\/strong><br>Technick\u00e1 p\u0159ej\u00edmka se kon\u00e1 dle \u010dasov\u00e9ho harmonogramu . Technick\u00fd komisa\u0159 si obch\u00e1z\u00ed vozy v depu.<\/li><li><strong>V\u00fdsledkov\u00e9 listiny<\/strong>\u00a0s v\u00fdsledky jezdc\u016f ve skupin\u00e1ch, t\u0159\u00edd\u00e1ch a absolutn\u00ed klasifikaci budou k dispozici jezdc\u016fm, sout\u011b\u017e\u00edc\u00edm a tisku v prostor\u00e1ch \u0159editelstv\u00ed z\u00e1vod\u016f.<br>Protest spolu s uhrazen\u00edm kauce mus\u00ed b\u00fdt pod\u00e1n v\u00fdhradn\u011b sout\u011b\u017e\u00edc\u00edm nebo jeho plnou moc\u00ed pov\u011b\u0159en\u00fdm z\u00e1stupcem p\u00edsemnou formou v \u010dase a v souladu s \u0159\u00e1dy.<\/li><li><strong>Ceny, poh\u00e1ry, p\u0159ed\u00e1n\u00ed cen<\/strong><br>M\u00edstem vyhl\u00e1\u0161en\u00ed v\u00fdsledk\u016f, p\u0159ed\u00e1n\u00ed poh\u00e1r\u016f a cen je prostor p\u0159ed ob\u010derstven\u00edm.<br>Jezdci na prvn\u00edch t\u0159ech m\u00edstech ve v\u0161ech vypsan\u00fdch t\u0159\u00edd\u00e1ch obdr\u017e\u00ed poh\u00e1r a d\u00e1le v\u011bcn\u00e9 ceny dle p\u0159\u00e1n\u00ed partner\u016f z\u00e1vod\u016f.<\/li><li><strong>Krej\u010d\u00ed Vladim\u00edr-promot\u00e9r a \u0159editel Kru\u0161nohorsk\u00e9ho poh\u00e1r<\/strong><\/li><\/ul>\n","protected":false},"excerpt":{"rendered":"<p>Program podniku 26.9.202516.00 hod-otev\u0159en\u00ed depa z\u00e1vodn\u00edch stroj\u016f 16:30hod do 20:30hod- administrativn\u00ed a technick\u00e1 p\u0159ej\u00edmka27.9.2025 7.15 hod- administrativn\u00ed a technick\u00e1 p\u0159ej\u00edmka8.10 hod- ukon\u010den\u00ed p\u0159ej\u00edmek8.20 hod-rozprava s jezdci v depu8.30 hod- nem\u011b\u0159en\u00fd tr\u00e9nink 9.45hod- m\u011b\u0159en\u00fd tr\u00e9nink 12.30 hod- prvn\u00ed m\u011b\u0159en\u00e1 ostr\u00e1 j\u00edzda14.30 hod- druh\u00e1 m\u011b\u0159en\u00e1 ostr\u00e1 j\u00edzda16.00 hod- t\u0159et\u00ed ostr\u00e1 m\u011b\u0159en\u00e1 j\u00edzda18:00 hod- dekorov\u00e1n\u00ed v\u00edt\u011bz\u016f z\u00e1vodu. 28.9.2025&hellip;<\/p>\n","protected":false},"author":2,"featured_media":7502,"comment_status":"closed","ping_status":"open","sticky":false,"template":"","format":"standard","meta":[],"categories":[74],"tags":[],"_links":{"self":[{"href":"https:\/\/www.krusnohorskypohar.cz\/index.php\/wp-json\/wp\/v2\/posts\/8516"}],"collection":[{"href":"https:\/\/www.krusnohorskypohar.cz\/index.php\/wp-json\/wp\/v2\/posts"}],"about":[{"href":"https:\/\/www.krusnohorskypohar.cz\/index.php\/wp-json\/wp\/v2\/types\/post"}],"author":[{"embeddable":true,"href":"https:\/\/www.krusnohorskypohar.cz\/index.php\/wp-json\/wp\/v2\/users\/2"}],"replies":[{"embeddable":true,"href":"https:\/\/www.krusnohorskypohar.cz\/index.php\/wp-json\/wp\/v2\/comments?post=8516"}],"version-history":[{"count":1,"href":"https:\/\/www.krusnohorskypohar.cz\/index.php\/wp-json\/wp\/v2\/posts\/8516\/revisions"}],"predecessor-version":[{"id":8517,"href":"https:\/\/www.krusnohorskypohar.cz\/index.php\/wp-json\/wp\/v2\/posts\/8516\/revisions\/8517"}],"wp:featuredmedia":[{"embeddable":true,"href":"https:\/\/www.krusnohorskypohar.cz\/index.php\/wp-json\/wp\/v2\/media\/7502"}],"wp:attachment":[{"href":"https:\/\/www.krusnohorskypohar.cz\/index.php\/wp-json\/wp\/v2\/media?parent=8516"}],"wp:term":[{"taxonomy":"category","embeddable":true,"href":"https:\/\/www.krusnohorskypohar.cz\/index.php\/wp-json\/wp\/v2\/categories?post=8516"},{"taxonomy":"post_tag","embeddable":true,"href":"https:\/\/www.krusnohorskypohar.cz\/index.php\/wp-json\/wp\/v2\/tags?post=8516"}],"curies":[{"name":"wp","href":"https:\/\/api.w.org\/{rel}","templated":true}]}}