{"id":8427,"date":"2025-09-04T07:00:54","date_gmt":"2025-09-04T07:00:54","guid":{"rendered":"https:\/\/www.krusnohorskypohar.cz\/?p=8427"},"modified":"2025-09-04T07:00:54","modified_gmt":"2025-09-04T07:00:54","slug":"zav-kdyne-korab-trat-a-depo-5","status":"publish","type":"post","link":"https:\/\/www.krusnohorskypohar.cz\/index.php\/2025\/09\/04\/zav-kdyne-korab-trat-a-depo-5\/","title":{"rendered":"ZAV Kdyn\u011b-Kor\u00e1b-Tra\u0165 a depo"},"content":{"rendered":"\n<p>Op\u011bt po roce se Kru\u0161nohorsk\u00fd poh\u00e1r vrac\u00ed na legend\u00e1rn\u00ed tra\u0165 Kdyn\u011b-Kor\u00e1b. Kdyn\u011b je m\u011bsto v okrese Doma\u017elice v Plze\u0148sk\u00e9m kraji. V\u010detn\u011b m\u00edstn\u00edch \u010d\u00e1st\u00ed tu \u017eije p\u0159ibli\u017en\u011b 5 100 obyvatel. M\u011bsto se nach\u00e1z\u00ed na pomez\u00ed \u0160vihovsk\u00e9 a V\u0161erubsk\u00e9 vrchoviny. Jde o druh\u00e9 nejv\u011bt\u0161\u00ed m\u011bsto v okrese po Doma\u017elic\u00edch. Tra\u0165 Kdyn\u011b-Kor\u00e1b m\u011b\u0159\u00ed 2200m s p\u0159ev\u00fd\u0161en\u00edm 121m. Tra\u0165 je velmi technick\u00e1. Na t\u00e9to trati se jezd\u00ed i Rally \u0160umava. Ve dnech 27.9.2025 a 28.9.2025 zde pojedeme dva samostatn\u00e9 z\u00e1vody. Nedaleko depa je koupali\u0161t\u011b tak i kemp Na H\u00e1jovn\u011b kde je mo\u017en\u00e9 ubytov\u00e1n\u00ed. Tak\u00e9 zde naleznete restauraci H\u00e1jovna. Propustnost trat\u011b je 110 jezdc\u016f. Ji\u017e te\u010f je p\u0159ihl\u00e1\u0161eno 85 jezdc\u016f. Pros\u00edme tedy je\u0161t\u011b ty co s n\u00e1mi pojedou tuto legend\u00e1rn\u00ed tra\u0165 , aby se p\u0159ihl\u00e1sili. Po napln\u011bn\u00ed kapacity trat\u011b se p\u0159ihl\u00e1\u0161ky uzav\u0159ou.<\/p>\n\n\n\n<figure class=\"wp-block-embed is-type-video is-provider-youtube wp-block-embed-youtube wp-embed-aspect-16-9 wp-has-aspect-ratio\"><div class=\"wp-block-embed__wrapper\">\n<iframe loading=\"lazy\" title=\"ZAV Kru\u0161nohorsk\u00fd poh\u00e1r Kdyn\u011b - Kor\u00e1b,14.9.-15.9.2024, \u0160koda Cup do 1400cm3, \u0160koda Favorit \ud83c\udfc1\" width=\"1170\" height=\"658\" src=\"https:\/\/www.youtube.com\/embed\/WlSIzU2LKEc?feature=oembed\" frameborder=\"0\" allow=\"accelerometer; autoplay; clipboard-write; encrypted-media; gyroscope; picture-in-picture; web-share\" referrerpolicy=\"strict-origin-when-cross-origin\" allowfullscreen><\/iframe>\n<\/div><\/figure>\n\n\n\n<figure class=\"wp-block-image size-large\"><img loading=\"lazy\" width=\"987\" height=\"538\" src=\"https:\/\/www.krusnohorskypohar.cz\/wp-content\/uploads\/2023\/08\/trat-kdyne-2023.png\" alt=\"\" class=\"wp-image-5487\" srcset=\"https:\/\/www.krusnohorskypohar.cz\/wp-content\/uploads\/2023\/08\/trat-kdyne-2023.png 987w, https:\/\/www.krusnohorskypohar.cz\/wp-content\/uploads\/2023\/08\/trat-kdyne-2023-300x164.png 300w, https:\/\/www.krusnohorskypohar.cz\/wp-content\/uploads\/2023\/08\/trat-kdyne-2023-768x419.png 768w\" sizes=\"(max-width: 987px) 100vw, 987px\" \/><\/figure>\n\n\n\n<p>Depo z\u00e1vodu se bude rozkl\u00e1dat na p\u0159ilehl\u00e9m parkovi\u0161ti u koupali\u0161t\u011b kter\u00e9 n\u00e1m prop\u016fj\u010dilo m\u011bsto Kdyn\u011b. Dal\u0161\u00ed \u010d\u00e1st depa bude na silnici po prav\u00e9 stran\u011b sm\u011brem ke startu z\u00e1vodu. V depu budou mobiln\u00ed toalety tak i ob\u010derstven\u00ed. Depo se otev\u0159e pro \u00fa\u010dastn\u00edky dne 26.9.2025 od 16 hodin. Zakazujeme jak\u00e9koli sprejov\u00e1n\u00ed na asfaltov\u00e9 plochy. P\u0159ikl\u00e1d\u00e1me mapu depa.<\/p>\n\n\n\n<figure class=\"wp-block-image size-large\"><img loading=\"lazy\" width=\"844\" height=\"537\" src=\"https:\/\/www.krusnohorskypohar.cz\/wp-content\/uploads\/2023\/08\/depo-kdyne-2023.png\" alt=\"\" class=\"wp-image-5488\" srcset=\"https:\/\/www.krusnohorskypohar.cz\/wp-content\/uploads\/2023\/08\/depo-kdyne-2023.png 844w, https:\/\/www.krusnohorskypohar.cz\/wp-content\/uploads\/2023\/08\/depo-kdyne-2023-300x191.png 300w, https:\/\/www.krusnohorskypohar.cz\/wp-content\/uploads\/2023\/08\/depo-kdyne-2023-768x489.png 768w\" sizes=\"(max-width: 844px) 100vw, 844px\" \/><\/figure>\n\n\n\n<p><\/p>\n","protected":false},"excerpt":{"rendered":"<p>Op\u011bt po roce se Kru\u0161nohorsk\u00fd poh\u00e1r vrac\u00ed na legend\u00e1rn\u00ed tra\u0165 Kdyn\u011b-Kor\u00e1b. Kdyn\u011b je m\u011bsto v okrese Doma\u017elice v Plze\u0148sk\u00e9m kraji. V\u010detn\u011b m\u00edstn\u00edch \u010d\u00e1st\u00ed tu \u017eije p\u0159ibli\u017en\u011b 5 100 obyvatel. M\u011bsto se nach\u00e1z\u00ed na pomez\u00ed \u0160vihovsk\u00e9 a V\u0161erubsk\u00e9 vrchoviny. Jde o druh\u00e9 nejv\u011bt\u0161\u00ed m\u011bsto v okrese po Doma\u017elic\u00edch. Tra\u0165 Kdyn\u011b-Kor\u00e1b m\u011b\u0159\u00ed 2200m s p\u0159ev\u00fd\u0161en\u00edm 121m. Tra\u0165&hellip;<\/p>\n","protected":false},"author":2,"featured_media":5488,"comment_status":"closed","ping_status":"open","sticky":false,"template":"","format":"standard","meta":[],"categories":[74],"tags":[],"_links":{"self":[{"href":"https:\/\/www.krusnohorskypohar.cz\/index.php\/wp-json\/wp\/v2\/posts\/8427"}],"collection":[{"href":"https:\/\/www.krusnohorskypohar.cz\/index.php\/wp-json\/wp\/v2\/posts"}],"about":[{"href":"https:\/\/www.krusnohorskypohar.cz\/index.php\/wp-json\/wp\/v2\/types\/post"}],"author":[{"embeddable":true,"href":"https:\/\/www.krusnohorskypohar.cz\/index.php\/wp-json\/wp\/v2\/users\/2"}],"replies":[{"embeddable":true,"href":"https:\/\/www.krusnohorskypohar.cz\/index.php\/wp-json\/wp\/v2\/comments?post=8427"}],"version-history":[{"count":1,"href":"https:\/\/www.krusnohorskypohar.cz\/index.php\/wp-json\/wp\/v2\/posts\/8427\/revisions"}],"predecessor-version":[{"id":8428,"href":"https:\/\/www.krusnohorskypohar.cz\/index.php\/wp-json\/wp\/v2\/posts\/8427\/revisions\/8428"}],"wp:featuredmedia":[{"embeddable":true,"href":"https:\/\/www.krusnohorskypohar.cz\/index.php\/wp-json\/wp\/v2\/media\/5488"}],"wp:attachment":[{"href":"https:\/\/www.krusnohorskypohar.cz\/index.php\/wp-json\/wp\/v2\/media?parent=8427"}],"wp:term":[{"taxonomy":"category","embeddable":true,"href":"https:\/\/www.krusnohorskypohar.cz\/index.php\/wp-json\/wp\/v2\/categories?post=8427"},{"taxonomy":"post_tag","embeddable":true,"href":"https:\/\/www.krusnohorskypohar.cz\/index.php\/wp-json\/wp\/v2\/tags?post=8427"}],"curies":[{"name":"wp","href":"https:\/\/api.w.org\/{rel}","templated":true}]}}