{"id":8284,"date":"2025-08-25T07:55:58","date_gmt":"2025-08-25T07:55:58","guid":{"rendered":"https:\/\/www.krusnohorskypohar.cz\/?p=8284"},"modified":"2025-08-25T07:55:58","modified_gmt":"2025-08-25T07:55:58","slug":"zav-kdyne-otevreni-prihlasek-3","status":"publish","type":"post","link":"https:\/\/www.krusnohorskypohar.cz\/index.php\/2025\/08\/25\/zav-kdyne-otevreni-prihlasek-3\/","title":{"rendered":"ZAV Kdyn\u011b \u2013 otev\u0159en\u00ed p\u0159ihl\u00e1\u0161ek"},"content":{"rendered":"\n<p>V\u00e1\u017een\u00ed p\u0159\u00e1tel\u00e9, otev\u00edr\u00e1me p\u0159ihl\u00e1\u0161ku na velice atrakt\u00edvn\u00ed dvoudenn\u00ed z\u00e1vod kter\u00fd se bude konat 27.9.2025 a 28.9.2025 na kr\u00e1sn\u00e9 trati Kdyn\u011b- Kor\u00e1b. Informace o trati a depu budeme d\u00e1vat v dal\u0161\u00edm \u010dl\u00e1nku. Pros\u00edme o v\u010dasn\u00e9 p\u0159ihl\u00e1\u0161en\u00ed do z\u00e1vodu.<\/p>\n\n\n\n<p>P\u0159ihl\u00e1\u0161ku do z\u00e1vodu naleznete v sekci napravo\u00a0<strong><a rel=\"noreferrer noopener\" href=\"https:\/\/www.krusnohorskypohar.cz\/index.php\/zav-kdyne-27-28-9-2025\/\" target=\"_blank\">P\u0159ihl\u00e1\u0161ky k z\u00e1vod\u016fm<\/a><\/strong><\/p>\n\n\n\n<figure class=\"wp-block-image size-large\"><img loading=\"lazy\" width=\"987\" height=\"538\" src=\"https:\/\/www.krusnohorskypohar.cz\/wp-content\/uploads\/2023\/08\/trat-kdyne-2023.png\" alt=\"\" class=\"wp-image-5487\" srcset=\"https:\/\/www.krusnohorskypohar.cz\/wp-content\/uploads\/2023\/08\/trat-kdyne-2023.png 987w, https:\/\/www.krusnohorskypohar.cz\/wp-content\/uploads\/2023\/08\/trat-kdyne-2023-300x164.png 300w, https:\/\/www.krusnohorskypohar.cz\/wp-content\/uploads\/2023\/08\/trat-kdyne-2023-768x419.png 768w\" sizes=\"(max-width: 987px) 100vw, 987px\" \/><\/figure>\n","protected":false},"excerpt":{"rendered":"<p>V\u00e1\u017een\u00ed p\u0159\u00e1tel\u00e9, otev\u00edr\u00e1me p\u0159ihl\u00e1\u0161ku na velice atrakt\u00edvn\u00ed dvoudenn\u00ed z\u00e1vod kter\u00fd se bude konat 27.9.2025 a 28.9.2025 na kr\u00e1sn\u00e9 trati Kdyn\u011b- Kor\u00e1b. Informace o trati a depu budeme d\u00e1vat v dal\u0161\u00edm \u010dl\u00e1nku. Pros\u00edme o v\u010dasn\u00e9 p\u0159ihl\u00e1\u0161en\u00ed do z\u00e1vodu. P\u0159ihl\u00e1\u0161ku do z\u00e1vodu naleznete v sekci napravo\u00a0P\u0159ihl\u00e1\u0161ky k z\u00e1vod\u016fm<\/p>\n","protected":false},"author":2,"featured_media":7502,"comment_status":"closed","ping_status":"open","sticky":false,"template":"","format":"standard","meta":[],"categories":[74],"tags":[],"_links":{"self":[{"href":"https:\/\/www.krusnohorskypohar.cz\/index.php\/wp-json\/wp\/v2\/posts\/8284"}],"collection":[{"href":"https:\/\/www.krusnohorskypohar.cz\/index.php\/wp-json\/wp\/v2\/posts"}],"about":[{"href":"https:\/\/www.krusnohorskypohar.cz\/index.php\/wp-json\/wp\/v2\/types\/post"}],"author":[{"embeddable":true,"href":"https:\/\/www.krusnohorskypohar.cz\/index.php\/wp-json\/wp\/v2\/users\/2"}],"replies":[{"embeddable":true,"href":"https:\/\/www.krusnohorskypohar.cz\/index.php\/wp-json\/wp\/v2\/comments?post=8284"}],"version-history":[{"count":1,"href":"https:\/\/www.krusnohorskypohar.cz\/index.php\/wp-json\/wp\/v2\/posts\/8284\/revisions"}],"predecessor-version":[{"id":8285,"href":"https:\/\/www.krusnohorskypohar.cz\/index.php\/wp-json\/wp\/v2\/posts\/8284\/revisions\/8285"}],"wp:featuredmedia":[{"embeddable":true,"href":"https:\/\/www.krusnohorskypohar.cz\/index.php\/wp-json\/wp\/v2\/media\/7502"}],"wp:attachment":[{"href":"https:\/\/www.krusnohorskypohar.cz\/index.php\/wp-json\/wp\/v2\/media?parent=8284"}],"wp:term":[{"taxonomy":"category","embeddable":true,"href":"https:\/\/www.krusnohorskypohar.cz\/index.php\/wp-json\/wp\/v2\/categories?post=8284"},{"taxonomy":"post_tag","embeddable":true,"href":"https:\/\/www.krusnohorskypohar.cz\/index.php\/wp-json\/wp\/v2\/tags?post=8284"}],"curies":[{"name":"wp","href":"https:\/\/api.w.org\/{rel}","templated":true}]}}