{"id":8133,"date":"2025-07-22T08:54:20","date_gmt":"2025-07-22T08:54:20","guid":{"rendered":"https:\/\/www.krusnohorskypohar.cz\/?p=8133"},"modified":"2025-07-22T08:54:20","modified_gmt":"2025-07-22T08:54:20","slug":"zav-jested-posledni-informace","status":"publish","type":"post","link":"https:\/\/www.krusnohorskypohar.cz\/index.php\/2025\/07\/22\/zav-jested-posledni-informace\/","title":{"rendered":"ZAV Je\u0161t\u011bd posledn\u00ed informace"},"content":{"rendered":"\n<p>Informace pro z\u00e1vodn\u00edky k z\u00e1vodu na Je\u0161t\u011bdu 26.-27.7.2025!!<\/p>\n\n\n\n<p>Depo se otv\u00edr\u00e1 v 16h. Pros\u00edm omezte d\u0159\u00edv\u011bj\u0161\u00ed naj\u00ed\u017ed\u011bn\u00ed. Vzhledem k velikosti se budeme sna\u017eit dodr\u017eet pro V\u00e1s dostate\u010dn\u00fd prostor a komfort. Va\u0161e pla\u0165\u00e1ky bude odv\u00e1\u017eet pov\u011b\u0159en\u00e1 osoba po\u0159adatele na hl\u00eddan\u00e9 m\u00edsto pod Je\u0161t\u011bdem.<\/p>\n\n\n\n<p>Opakujeme, \u017ee na tento z\u00e1vod je povoleno pouze z\u00e1vodn\u00ed vozidlo a jedno doprovodn\u00e9.<\/p>\n\n\n\n<p>\u0158editelstv\u00ed z\u00e1vodu se bude nach\u00e1zet na terase ob\u010derstven\u00ed.<\/p>\n\n\n\n<p>Ob\u010derstven\u00ed pro V\u00e1s bude zaji\u0161\u0165ovat m\u00edstn\u00ed st\u00e1nek.<\/p>\n\n\n\n<p>Od majitele jsme dostali nab\u00eddku rozd\u011bl\u00e1n\u00ed ohn\u011b na ope\u010den\u00ed bu\u0159t\u00edk\u016f. Pros\u00edm napi\u0161te n\u00e1m jestli by jste m\u011bli z\u00e1jem.<\/p>\n\n\n\n<p>V p\u00e1tek bude st\u00e1nek otev\u0159en do ve\u010dera nebo v p\u0159\u00edpad\u011b kdy zde budou lid\u00e9.<\/p>\n\n\n\n<p>V sobotu st\u00e1nek otev\u0159e v 7h a bude otev\u0159en cel\u00fd den. Tot\u00e9\u017e i v ned\u011bli.<\/p>\n\n\n\n<p>K sn\u00eddani pro V\u00e1s bude p\u0159ipraveno ke k\u00e1v\u011b n\u011bco sladk\u00e9ho(koblihy)<br>Pro lep\u0161\u00ed probuzen\u00ed majitel nava\u0159\u00ed dom\u00e1c\u00ed \u010desne\u010dku.<br>P\u0159es den bude mo\u017enost v\u00fdb\u011bru s j\u00eddel :<br>Gul\u00e1\u0161<br>Grilovan\u00e9 b\u00edl\u00e9 klob\u00e1sky v ope\u010den\u00e9 bagetce, sal\u00e1t<br>Grilovan\u00fd hermel\u00edn v ope\u010den\u00e9 bagetce, sal\u00e1t, dressing<br>P\u00e1rek v rohl\u00edku \/ Hotdog \u2013 Speci\u00e1l<br>Paprikov\u00e1 velk\u00e1 klob\u00e1sa (pikant)<br>\u0160unkov\u00e1 velk\u00e1 klob\u00e1sa<\/p>\n\n\n\n<p>K pit\u00ed<br>Plze\u0148 12 Pilsner Urquell<br>Radegast 10\u00b0 R\u00e1zn\u00e1 des\u00edtka<br>Birell pomelo-grep<br>To\u010den\u00e1 SWIST Cola \/ malina<br>a mnoho dal\u0161\u00edho<\/p>\n\n\n\n<figure class=\"wp-block-embed is-type-wp-embed is-provider-bouda-tetrevi-sedlo wp-block-embed-bouda-tetrevi-sedlo\"><div class=\"wp-block-embed__wrapper\">\n<blockquote class=\"wp-embedded-content\" data-secret=\"mAsD2XNJsc\"><a href=\"https:\/\/tetrevisedlo.eu\/o-nas\/\">O n\u00e1s<\/a><\/blockquote><iframe class=\"wp-embedded-content\" sandbox=\"allow-scripts\" security=\"restricted\" style=\"position: absolute; clip: rect(1px, 1px, 1px, 1px);\" title=\"&#8222;O n\u00e1s&#8220; &#8212; Bouda Tet\u0159ev\u00ed Sedlo\" src=\"https:\/\/tetrevisedlo.eu\/o-nas\/embed\/#?secret=sHP3XNP8wq#?secret=mAsD2XNJsc\" data-secret=\"mAsD2XNJsc\" width=\"600\" height=\"338\" frameborder=\"0\" marginwidth=\"0\" marginheight=\"0\" scrolling=\"no\"><\/iframe>\n<\/div><\/figure>\n\n\n\n<p>Informace pro n\u00e1v\u0161t\u011bvn\u00edky pro z\u00e1vod Je\u0161t\u011bdu dne 26.-27.7.2025!!Mod\u0159e ozna\u010den\u00e1  budou ofici\u00e1ln\u00ed div\u00e1ck\u00e1 m\u00edsta . U Startu z\u00e1vodu um\u00edst\u011bno ob\u010derstven\u00ed  a WC.Sm\u011brem od Liberce je mo\u017enost zanechat sv\u00e9 vozy dole pod Je\u0161t\u011bdem a n\u00e1sledn\u011b na V\u00fdp\u0159e\u017e dojet autobusem \u010d. 79, kter\u00fd jezd\u00ed ka\u017edou hodinu. Parkovi\u0161t\u011b na V\u00fdp\u0159e\u017ei bude od p\u00e1tka do ned\u011ble pro ve\u0159ejnost uzav\u0159eno!!!Pros\u00edme dodr\u017eujte pokyny po\u0159adatel\u016f.  Nejde n\u00e1m o zbyte\u010dn\u00e9 omezovan\u00ed, ale Va\u0161i bezpe\u010dnost.P\u0159ejeme plno kr\u00e1sn\u00fdch z\u00e1\u017eitk\u016f z automobilov\u00e9 sportovn\u00ed akce!<\/p>\n\n\n\n<figure class=\"wp-block-image size-large\"><img loading=\"lazy\" width=\"1024\" height=\"536\" src=\"https:\/\/www.krusnohorskypohar.cz\/wp-content\/uploads\/2025\/07\/FB_IMG_1753174055478-1024x536.jpg\" alt=\"\" class=\"wp-image-8135\" srcset=\"https:\/\/www.krusnohorskypohar.cz\/wp-content\/uploads\/2025\/07\/FB_IMG_1753174055478-1024x536.jpg 1024w, https:\/\/www.krusnohorskypohar.cz\/wp-content\/uploads\/2025\/07\/FB_IMG_1753174055478-300x157.jpg 300w, https:\/\/www.krusnohorskypohar.cz\/wp-content\/uploads\/2025\/07\/FB_IMG_1753174055478-768x402.jpg 768w, https:\/\/www.krusnohorskypohar.cz\/wp-content\/uploads\/2025\/07\/FB_IMG_1753174055478.jpg 1466w\" sizes=\"(max-width: 1024px) 100vw, 1024px\" \/><\/figure>\n\n\n\n<figure class=\"wp-block-image size-large\"><img loading=\"lazy\" width=\"1024\" height=\"539\" src=\"https:\/\/www.krusnohorskypohar.cz\/wp-content\/uploads\/2025\/07\/FB_IMG_1753174059303-1024x539.jpg\" alt=\"\" class=\"wp-image-8134\" srcset=\"https:\/\/www.krusnohorskypohar.cz\/wp-content\/uploads\/2025\/07\/FB_IMG_1753174059303-1024x539.jpg 1024w, https:\/\/www.krusnohorskypohar.cz\/wp-content\/uploads\/2025\/07\/FB_IMG_1753174059303-300x158.jpg 300w, https:\/\/www.krusnohorskypohar.cz\/wp-content\/uploads\/2025\/07\/FB_IMG_1753174059303-768x404.jpg 768w, https:\/\/www.krusnohorskypohar.cz\/wp-content\/uploads\/2025\/07\/FB_IMG_1753174059303.jpg 1455w\" sizes=\"(max-width: 1024px) 100vw, 1024px\" \/><\/figure>\n","protected":false},"excerpt":{"rendered":"<p>Informace pro z\u00e1vodn\u00edky k z\u00e1vodu na Je\u0161t\u011bdu 26.-27.7.2025!! Depo se otv\u00edr\u00e1 v 16h. Pros\u00edm omezte d\u0159\u00edv\u011bj\u0161\u00ed naj\u00ed\u017ed\u011bn\u00ed. Vzhledem k velikosti se budeme sna\u017eit dodr\u017eet pro V\u00e1s dostate\u010dn\u00fd prostor a komfort. Va\u0161e pla\u0165\u00e1ky bude odv\u00e1\u017eet pov\u011b\u0159en\u00e1 osoba po\u0159adatele na hl\u00eddan\u00e9 m\u00edsto pod Je\u0161t\u011bdem. Opakujeme, \u017ee na tento z\u00e1vod je povoleno pouze z\u00e1vodn\u00ed vozidlo a jedno doprovodn\u00e9.&hellip;<\/p>\n","protected":false},"author":2,"featured_media":8134,"comment_status":"closed","ping_status":"open","sticky":false,"template":"","format":"standard","meta":[],"categories":[24],"tags":[],"_links":{"self":[{"href":"https:\/\/www.krusnohorskypohar.cz\/index.php\/wp-json\/wp\/v2\/posts\/8133"}],"collection":[{"href":"https:\/\/www.krusnohorskypohar.cz\/index.php\/wp-json\/wp\/v2\/posts"}],"about":[{"href":"https:\/\/www.krusnohorskypohar.cz\/index.php\/wp-json\/wp\/v2\/types\/post"}],"author":[{"embeddable":true,"href":"https:\/\/www.krusnohorskypohar.cz\/index.php\/wp-json\/wp\/v2\/users\/2"}],"replies":[{"embeddable":true,"href":"https:\/\/www.krusnohorskypohar.cz\/index.php\/wp-json\/wp\/v2\/comments?post=8133"}],"version-history":[{"count":1,"href":"https:\/\/www.krusnohorskypohar.cz\/index.php\/wp-json\/wp\/v2\/posts\/8133\/revisions"}],"predecessor-version":[{"id":8136,"href":"https:\/\/www.krusnohorskypohar.cz\/index.php\/wp-json\/wp\/v2\/posts\/8133\/revisions\/8136"}],"wp:featuredmedia":[{"embeddable":true,"href":"https:\/\/www.krusnohorskypohar.cz\/index.php\/wp-json\/wp\/v2\/media\/8134"}],"wp:attachment":[{"href":"https:\/\/www.krusnohorskypohar.cz\/index.php\/wp-json\/wp\/v2\/media?parent=8133"}],"wp:term":[{"taxonomy":"category","embeddable":true,"href":"https:\/\/www.krusnohorskypohar.cz\/index.php\/wp-json\/wp\/v2\/categories?post=8133"},{"taxonomy":"post_tag","embeddable":true,"href":"https:\/\/www.krusnohorskypohar.cz\/index.php\/wp-json\/wp\/v2\/tags?post=8133"}],"curies":[{"name":"wp","href":"https:\/\/api.w.org\/{rel}","templated":true}]}}