{"id":7920,"date":"2025-06-30T05:55:22","date_gmt":"2025-06-30T05:55:22","guid":{"rendered":"https:\/\/www.krusnohorskypohar.cz\/?p=7920"},"modified":"2025-07-02T04:50:45","modified_gmt":"2025-07-02T04:50:45","slug":"zav-jested-otevreni-prihlasek-na-dvoudenni-zavod","status":"publish","type":"post","link":"https:\/\/www.krusnohorskypohar.cz\/index.php\/2025\/06\/30\/zav-jested-otevreni-prihlasek-na-dvoudenni-zavod\/","title":{"rendered":"ZAV Je\u0161t\u011bd-otev\u0159en\u00ed p\u0159ihl\u00e1\u0161ek na dvoudenn\u00ed z\u00e1vod"},"content":{"rendered":"\n<p>V\u00e1\u017een\u00ed p\u0159\u00e1tel\u00e9, s velkou radost\u00ed v\u00e1m oznamuji, \u017ee obrovsk\u00fdm vyp\u011bt\u00ed se povedlo vyb\u011bhat povolen\u00ed na legend\u00e1rn\u00ed tra\u0165 z K\u0159i\u017ean sm\u011br na Je\u0161t\u011bd na kterou se vrac\u00edme po \u010dty\u0159ech letech. Velkou z\u00e1sluhu na vyb\u011bh\u00e1n\u00ed povolen\u00ed m\u00e1j\u00ed na\u0161i zabezpe\u010dov\u00e1ci Rescue team Liberec pod veden\u00edm Michala Stracha za co\u017e jim pat\u0159\u00ed velk\u00e9 d\u00edky! Tra\u0165 bude m\u011b\u0159it 2300m. P\u0159ev\u00fd\u0161en\u00ed 111metr\u016f. Tra\u0165 je velice technick\u00e1. Silnice pro\u0161la celkovou rekonstrukc\u00ed a byla osazena svodidly. Depo bude na parkovi\u0161ti na V\u00fdp\u0159e\u017ei. Z\u00e1vod pojedeme ve dnech 26.7.2025 a 27.7.2025. Pojedou se dva samostatn\u00e9 z\u00e1vody. Dne\u0161n\u00edm dnem otev\u00edr\u00e1me p\u0159ihl\u00e1\u0161ky na tento dvoudenn\u00ed z\u00e1vod. Pro tuto akci po\u0159adatel nebude vypisovat skupinu drift. Kapacita trat\u011b je 100 jezdc\u016f. Pokud se kapacita trat\u011b napln\u00ed, p\u0159ihl\u00e1\u0161ky se automaticky uzav\u0159ou. Pros\u00edme tedy v\u0161echny o v\u010dasn\u00e9 p\u0159ihl\u00e1\u0161en\u00ed do z\u00e1vodu. P\u0159ihl\u00e1\u0161ku naleznete zde na webu . Ve\u0161ker\u00e9 informace V\u00e1m budeme p\u0159ikl\u00e1dat v dal\u0161\u00edch \u010dl\u00e1nc\u00edch. Velk\u00e9 d\u00edky pa\u0159\u00ed hotelu na Je\u0161t\u011bdu tak i okoln\u00edm obc\u00edm a m\u011bst\u016fm a t\u00e9\u017e Krajsk\u00e9 spr\u00e1v\u011b silnic Libereck\u00e9ho kraje a v\u0161em \u00fa\u0159ad\u016fm.<\/p>\n\n\n\n<figure class=\"wp-block-image size-large\"><img loading=\"lazy\" width=\"737\" height=\"526\" src=\"https:\/\/www.krusnohorskypohar.cz\/wp-content\/uploads\/2025\/06\/zav-jested.png\" alt=\"\" class=\"wp-image-7921\" srcset=\"https:\/\/www.krusnohorskypohar.cz\/wp-content\/uploads\/2025\/06\/zav-jested.png 737w, https:\/\/www.krusnohorskypohar.cz\/wp-content\/uploads\/2025\/06\/zav-jested-300x214.png 300w\" sizes=\"(max-width: 737px) 100vw, 737px\" \/><\/figure>\n","protected":false},"excerpt":{"rendered":"<p>V\u00e1\u017een\u00ed p\u0159\u00e1tel\u00e9, s velkou radost\u00ed v\u00e1m oznamuji, \u017ee obrovsk\u00fdm vyp\u011bt\u00ed se povedlo vyb\u011bhat povolen\u00ed na legend\u00e1rn\u00ed tra\u0165 z K\u0159i\u017ean sm\u011br na Je\u0161t\u011bd na kterou se vrac\u00edme po \u010dty\u0159ech letech. Velkou z\u00e1sluhu na vyb\u011bh\u00e1n\u00ed povolen\u00ed m\u00e1j\u00ed na\u0161i zabezpe\u010dov\u00e1ci Rescue team Liberec pod veden\u00edm Michala Stracha za co\u017e jim pat\u0159\u00ed velk\u00e9 d\u00edky! Tra\u0165 bude m\u011b\u0159it 2300m. P\u0159ev\u00fd\u0161en\u00ed&hellip;<\/p>\n","protected":false},"author":2,"featured_media":7921,"comment_status":"closed","ping_status":"open","sticky":false,"template":"","format":"standard","meta":[],"categories":[24],"tags":[],"_links":{"self":[{"href":"https:\/\/www.krusnohorskypohar.cz\/index.php\/wp-json\/wp\/v2\/posts\/7920"}],"collection":[{"href":"https:\/\/www.krusnohorskypohar.cz\/index.php\/wp-json\/wp\/v2\/posts"}],"about":[{"href":"https:\/\/www.krusnohorskypohar.cz\/index.php\/wp-json\/wp\/v2\/types\/post"}],"author":[{"embeddable":true,"href":"https:\/\/www.krusnohorskypohar.cz\/index.php\/wp-json\/wp\/v2\/users\/2"}],"replies":[{"embeddable":true,"href":"https:\/\/www.krusnohorskypohar.cz\/index.php\/wp-json\/wp\/v2\/comments?post=7920"}],"version-history":[{"count":2,"href":"https:\/\/www.krusnohorskypohar.cz\/index.php\/wp-json\/wp\/v2\/posts\/7920\/revisions"}],"predecessor-version":[{"id":8044,"href":"https:\/\/www.krusnohorskypohar.cz\/index.php\/wp-json\/wp\/v2\/posts\/7920\/revisions\/8044"}],"wp:featuredmedia":[{"embeddable":true,"href":"https:\/\/www.krusnohorskypohar.cz\/index.php\/wp-json\/wp\/v2\/media\/7921"}],"wp:attachment":[{"href":"https:\/\/www.krusnohorskypohar.cz\/index.php\/wp-json\/wp\/v2\/media?parent=7920"}],"wp:term":[{"taxonomy":"category","embeddable":true,"href":"https:\/\/www.krusnohorskypohar.cz\/index.php\/wp-json\/wp\/v2\/categories?post=7920"},{"taxonomy":"post_tag","embeddable":true,"href":"https:\/\/www.krusnohorskypohar.cz\/index.php\/wp-json\/wp\/v2\/tags?post=7920"}],"curies":[{"name":"wp","href":"https:\/\/api.w.org\/{rel}","templated":true}]}}