{"id":7255,"date":"2024-12-22T11:21:51","date_gmt":"2024-12-22T11:21:51","guid":{"rendered":"https:\/\/www.krusnohorskypohar.cz\/?p=7255"},"modified":"2024-12-22T11:21:51","modified_gmt":"2024-12-22T11:21:51","slug":"krasne-vanoce-a-stastny-novy-rok-2025","status":"publish","type":"post","link":"https:\/\/www.krusnohorskypohar.cz\/index.php\/2024\/12\/22\/krasne-vanoce-a-stastny-novy-rok-2025\/","title":{"rendered":"Kr\u00e1sn\u00e9 V\u00e1noce a \u0160\u0165astn\u00fd nov\u00fd rok 2025"},"content":{"rendered":"\n<p>Kr\u00e1sn\u00e9 V\u00e1noce a \u0160\u0165astn\u00fd nov\u00fd rok 2025 p\u0159eji v\u0161em p\u0159\u00e1tel\u016fm Kru\u0161nohorskeho poh\u00e1ru. P\u0159eji V\u00e1m v\u0161em a\u0165 se v\u00e1m spln\u00ed v\u0161e co si p\u0159ejete.<br>Za v\u0161echny po\u0159adatele<br>Vladimir Krejci<\/p>\n\n\n\n<figure class=\"wp-block-gallery columns-1 is-cropped\"><ul class=\"blocks-gallery-grid\"><li class=\"blocks-gallery-item\"><figure><img loading=\"lazy\" width=\"1024\" height=\"693\" src=\"https:\/\/www.krusnohorskypohar.cz\/wp-content\/uploads\/2024\/12\/vanocni-prani-zdarma-na-sirku-09-1024x693.jpg\" alt=\"\" data-id=\"7256\" data-full-url=\"https:\/\/www.krusnohorskypohar.cz\/wp-content\/uploads\/2024\/12\/vanocni-prani-zdarma-na-sirku-09.jpg\" data-link=\"https:\/\/www.krusnohorskypohar.cz\/?attachment_id=7256\" class=\"wp-image-7256\" srcset=\"https:\/\/www.krusnohorskypohar.cz\/wp-content\/uploads\/2024\/12\/vanocni-prani-zdarma-na-sirku-09-1024x693.jpg 1024w, https:\/\/www.krusnohorskypohar.cz\/wp-content\/uploads\/2024\/12\/vanocni-prani-zdarma-na-sirku-09-300x203.jpg 300w, https:\/\/www.krusnohorskypohar.cz\/wp-content\/uploads\/2024\/12\/vanocni-prani-zdarma-na-sirku-09-768x520.jpg 768w, https:\/\/www.krusnohorskypohar.cz\/wp-content\/uploads\/2024\/12\/vanocni-prani-zdarma-na-sirku-09-1536x1039.jpg 1536w, https:\/\/www.krusnohorskypohar.cz\/wp-content\/uploads\/2024\/12\/vanocni-prani-zdarma-na-sirku-09.jpg 1920w\" sizes=\"(max-width: 1024px) 100vw, 1024px\" \/><\/figure><\/li><\/ul><\/figure>\n","protected":false},"excerpt":{"rendered":"<p>Kr\u00e1sn\u00e9 V\u00e1noce a \u0160\u0165astn\u00fd nov\u00fd rok 2025 p\u0159eji v\u0161em p\u0159\u00e1tel\u016fm Kru\u0161nohorskeho poh\u00e1ru. P\u0159eji V\u00e1m v\u0161em a\u0165 se v\u00e1m spln\u00ed v\u0161e co si p\u0159ejete.Za v\u0161echny po\u0159adateleVladimir Krejci<\/p>\n","protected":false},"author":2,"featured_media":7256,"comment_status":"closed","ping_status":"open","sticky":false,"template":"","format":"standard","meta":[],"categories":[1],"tags":[],"_links":{"self":[{"href":"https:\/\/www.krusnohorskypohar.cz\/index.php\/wp-json\/wp\/v2\/posts\/7255"}],"collection":[{"href":"https:\/\/www.krusnohorskypohar.cz\/index.php\/wp-json\/wp\/v2\/posts"}],"about":[{"href":"https:\/\/www.krusnohorskypohar.cz\/index.php\/wp-json\/wp\/v2\/types\/post"}],"author":[{"embeddable":true,"href":"https:\/\/www.krusnohorskypohar.cz\/index.php\/wp-json\/wp\/v2\/users\/2"}],"replies":[{"embeddable":true,"href":"https:\/\/www.krusnohorskypohar.cz\/index.php\/wp-json\/wp\/v2\/comments?post=7255"}],"version-history":[{"count":1,"href":"https:\/\/www.krusnohorskypohar.cz\/index.php\/wp-json\/wp\/v2\/posts\/7255\/revisions"}],"predecessor-version":[{"id":7257,"href":"https:\/\/www.krusnohorskypohar.cz\/index.php\/wp-json\/wp\/v2\/posts\/7255\/revisions\/7257"}],"wp:featuredmedia":[{"embeddable":true,"href":"https:\/\/www.krusnohorskypohar.cz\/index.php\/wp-json\/wp\/v2\/media\/7256"}],"wp:attachment":[{"href":"https:\/\/www.krusnohorskypohar.cz\/index.php\/wp-json\/wp\/v2\/media?parent=7255"}],"wp:term":[{"taxonomy":"category","embeddable":true,"href":"https:\/\/www.krusnohorskypohar.cz\/index.php\/wp-json\/wp\/v2\/categories?post=7255"},{"taxonomy":"post_tag","embeddable":true,"href":"https:\/\/www.krusnohorskypohar.cz\/index.php\/wp-json\/wp\/v2\/tags?post=7255"}],"curies":[{"name":"wp","href":"https:\/\/api.w.org\/{rel}","templated":true}]}}