{"id":6029,"date":"2024-02-22T11:08:04","date_gmt":"2024-02-22T11:08:04","guid":{"rendered":"https:\/\/www.krusnohorskypohar.cz\/?p=6029"},"modified":"2024-02-22T11:08:04","modified_gmt":"2024-02-22T11:08:04","slug":"zav-autodrom-sosnova-kapacita-trate-naplnena","status":"publish","type":"post","link":"https:\/\/www.krusnohorskypohar.cz\/index.php\/2024\/02\/22\/zav-autodrom-sosnova-kapacita-trate-naplnena\/","title":{"rendered":"ZAV Autodrom Sosnov\u00e1- kapacita trat\u011b napln\u011bna"},"content":{"rendered":"\n<p>V\u00e1\u017een\u00ed p\u0159\u00e1tel\u00e9, v rekordn\u00edm \u010dase se kapacita trat\u011b pro z\u00e1vod na Autodromu Sosnov\u00e1 naplnila. P\u0159ihl\u00e1\u0161ky budou otev\u0159en\u00e9 pro n\u00e1hradn\u00edky a jezdce , kte\u0159\u00ed byli klasifikov\u00e1ni v sez\u00f3n\u011b 2023. N\u00e1hradn\u00edk bude informov\u00e1n kdy\u017e se uvoln\u00ed m\u00edsto ve startovn\u00ed listin\u011b. Klasifikovan\u00fd jezdec sez\u00f3ny 2023 bude automaticky v\u0159azen do startovn\u00ed listiny.<\/p>\n\n\n\n<p>Po term\u00ednu 29.3.2024 kdy mus\u00ed b\u00fdt p\u0159ips\u00e1no startovn\u00e9 na u\u010det Kru\u0161nohorsk\u00e9ho poh\u00e1ru bude aktualizov\u00e1na startovn\u00ed listina. Do startovn\u00ed listiny se v p\u0159\u00edpad\u011b uvoln\u011bn\u00fdch m\u00edst vlo\u017e\u00ed n\u00e1hradn\u00edci. Vkladem startovn\u00e9ho na \u00fa\u010det n\u00e1m pom\u016f\u017eete zrychlit p\u0159ej\u00edmky a napl\u00e1novat dlouh\u00fd z\u00e1vodn\u00ed den. P\u0159edem v\u0161em moc d\u011bkujeme.<\/p>\n\n\n\n<p>startovn\u00e9 na z\u00e1vod na Autodromu Sosnov\u00e1 konan\u00e9m 13.4.2024 je 3500,- K\u010d v\u010detn\u011b poji\u0161t\u011bn\u00ed. Startovn\u00e9 za\u0161lete na \u00fa\u010det 2202427132\/2010 veden\u00fd ve Fio bance. Startovn\u00e9 mus\u00ed b\u00fdt uhrazeno nejpozd\u011bji do 28.3.2024 !!! Jako variabiln\u00ed symbol uve\u010fte va\u0161e startovn\u00ed \u010d\u00edslo ze seznamu p\u0159ihl\u00e1\u0161en\u00fdch nebo do pozn\u00e1mek uve\u010fte va\u0161e p\u0159\u00edjmen\u00ed. N\u011bme\u010dt\u00ed jezdci budou startovn\u00e9 platit v m\u00edst\u011b kon\u00e1n\u00ed.<\/p>\n","protected":false},"excerpt":{"rendered":"<p>V\u00e1\u017een\u00ed p\u0159\u00e1tel\u00e9, v rekordn\u00edm \u010dase se kapacita trat\u011b pro z\u00e1vod na Autodromu Sosnov\u00e1 naplnila. P\u0159ihl\u00e1\u0161ky budou otev\u0159en\u00e9 pro n\u00e1hradn\u00edky a jezdce , kte\u0159\u00ed byli klasifikov\u00e1ni v sez\u00f3n\u011b 2023. N\u00e1hradn\u00edk bude informov\u00e1n kdy\u017e se uvoln\u00ed m\u00edsto ve startovn\u00ed listin\u011b. Klasifikovan\u00fd jezdec sez\u00f3ny 2023 bude automaticky v\u0159azen do startovn\u00ed listiny. Po term\u00ednu 29.3.2024 kdy mus\u00ed b\u00fdt p\u0159ips\u00e1no&hellip;<\/p>\n","protected":false},"author":2,"featured_media":470,"comment_status":"closed","ping_status":"open","sticky":false,"template":"","format":"standard","meta":[],"categories":[56],"tags":[],"_links":{"self":[{"href":"https:\/\/www.krusnohorskypohar.cz\/index.php\/wp-json\/wp\/v2\/posts\/6029"}],"collection":[{"href":"https:\/\/www.krusnohorskypohar.cz\/index.php\/wp-json\/wp\/v2\/posts"}],"about":[{"href":"https:\/\/www.krusnohorskypohar.cz\/index.php\/wp-json\/wp\/v2\/types\/post"}],"author":[{"embeddable":true,"href":"https:\/\/www.krusnohorskypohar.cz\/index.php\/wp-json\/wp\/v2\/users\/2"}],"replies":[{"embeddable":true,"href":"https:\/\/www.krusnohorskypohar.cz\/index.php\/wp-json\/wp\/v2\/comments?post=6029"}],"version-history":[{"count":1,"href":"https:\/\/www.krusnohorskypohar.cz\/index.php\/wp-json\/wp\/v2\/posts\/6029\/revisions"}],"predecessor-version":[{"id":6030,"href":"https:\/\/www.krusnohorskypohar.cz\/index.php\/wp-json\/wp\/v2\/posts\/6029\/revisions\/6030"}],"wp:featuredmedia":[{"embeddable":true,"href":"https:\/\/www.krusnohorskypohar.cz\/index.php\/wp-json\/wp\/v2\/media\/470"}],"wp:attachment":[{"href":"https:\/\/www.krusnohorskypohar.cz\/index.php\/wp-json\/wp\/v2\/media?parent=6029"}],"wp:term":[{"taxonomy":"category","embeddable":true,"href":"https:\/\/www.krusnohorskypohar.cz\/index.php\/wp-json\/wp\/v2\/categories?post=6029"},{"taxonomy":"post_tag","embeddable":true,"href":"https:\/\/www.krusnohorskypohar.cz\/index.php\/wp-json\/wp\/v2\/tags?post=6029"}],"curies":[{"name":"wp","href":"https:\/\/api.w.org\/{rel}","templated":true}]}}