{"id":585,"date":"2021-06-03T17:18:29","date_gmt":"2021-06-03T17:18:29","guid":{"rendered":"https:\/\/www.krusnohorskypohar.cz\/?p=585"},"modified":"2021-06-07T08:22:15","modified_gmt":"2021-06-07T08:22:15","slug":"zavod-letiste-krizenec-vysoke-jamne-informace-o-zavode","status":"publish","type":"post","link":"https:\/\/www.krusnohorskypohar.cz\/index.php\/2021\/06\/03\/zavod-letiste-krizenec-vysoke-jamne-informace-o-zavode\/","title":{"rendered":"Z\u00e1vod Leti\u0161t\u011b K\u0159i\u017eenec-Vysok\u00e9 Jamn\u00e9-informace o z\u00e1vod\u011b."},"content":{"rendered":"\n<p>Po velk\u00e9 debat\u011b a anket\u011b jezdc\u016f, d\u00e1v\u00e1me na jejich p\u0159\u00e1n\u00ed a z\u00e1vodn\u00ed v\u00edkend pojedeme s&nbsp;n\u00e1sleduj\u00edc\u00edm programem. V&nbsp;sobotu 19.6.2021 pojedeme na trati Caltov-Leti\u0161t\u011b K\u0159i\u017eenec. D\u00e9lka t\u00e9to trat\u011b je 2277 metr\u016f s&nbsp;p\u0159ev\u00fd\u0161en\u00edm 157 metr\u016f. Po cel\u00e9 d\u00e9lce trat\u011b jsou svodidla a perfektn\u00ed povrch. Pojedeme dva tr\u00e9ninky a t\u0159i z\u00e1vodn\u00ed j\u00edzdy.<\/p>\n\n\n\n<figure class=\"wp-block-image size-large\"><a href=\"https:\/\/www.krusnohorskypohar.cz\/wp-content\/uploads\/2021\/06\/Caltov-Letiste-krizenec.png\" target=\"_blank\" rel=\"noopener\"><img loading=\"lazy\" width=\"732\" height=\"1024\" src=\"https:\/\/www.krusnohorskypohar.cz\/wp-content\/uploads\/2021\/06\/Caltov-Letiste-krizenec-732x1024.png\" alt=\"\" class=\"wp-image-586\" srcset=\"https:\/\/www.krusnohorskypohar.cz\/wp-content\/uploads\/2021\/06\/Caltov-Letiste-krizenec-732x1024.png 732w, https:\/\/www.krusnohorskypohar.cz\/wp-content\/uploads\/2021\/06\/Caltov-Letiste-krizenec-214x300.png 214w, https:\/\/www.krusnohorskypohar.cz\/wp-content\/uploads\/2021\/06\/Caltov-Letiste-krizenec-768x1075.png 768w, https:\/\/www.krusnohorskypohar.cz\/wp-content\/uploads\/2021\/06\/Caltov-Letiste-krizenec-1097x1536.png 1097w, https:\/\/www.krusnohorskypohar.cz\/wp-content\/uploads\/2021\/06\/Caltov-Letiste-krizenec.png 1463w\" sizes=\"(max-width: 732px) 100vw, 732px\" \/><\/a><\/figure>\n\n\n\n<p>V&nbsp;ned\u011bli 20.6.2021 pojedeme na trati Caltov \u2013 Vysok\u00e9 Jamn\u00e9. Tra\u0165 m\u011b\u0159\u00ed 3348 metr\u016f s&nbsp;p\u0159ev\u00fd\u0161en\u00edm 161 metr\u016f. Tra\u0165 je tak\u00e9 lemov\u00e1na svodidly a m\u00e1 perfektn\u00ed povrch. Pojedeme op\u011bt dva tr\u00e9ninky a t\u0159i z\u00e1vodn\u00ed j\u00edzdy.<\/p>\n\n\n\n<figure class=\"wp-block-image size-large\"><a href=\"https:\/\/www.krusnohorskypohar.cz\/wp-content\/uploads\/2021\/06\/Caltov-Vysoke-Jamne.png\" target=\"_blank\" rel=\"noopener\"><img loading=\"lazy\" width=\"732\" height=\"1024\" src=\"https:\/\/www.krusnohorskypohar.cz\/wp-content\/uploads\/2021\/06\/Caltov-Vysoke-Jamne-732x1024.png\" alt=\"\" class=\"wp-image-587\" srcset=\"https:\/\/www.krusnohorskypohar.cz\/wp-content\/uploads\/2021\/06\/Caltov-Vysoke-Jamne-732x1024.png 732w, https:\/\/www.krusnohorskypohar.cz\/wp-content\/uploads\/2021\/06\/Caltov-Vysoke-Jamne-214x300.png 214w, https:\/\/www.krusnohorskypohar.cz\/wp-content\/uploads\/2021\/06\/Caltov-Vysoke-Jamne-768x1075.png 768w, https:\/\/www.krusnohorskypohar.cz\/wp-content\/uploads\/2021\/06\/Caltov-Vysoke-Jamne-1097x1536.png 1097w, https:\/\/www.krusnohorskypohar.cz\/wp-content\/uploads\/2021\/06\/Caltov-Vysoke-Jamne.png 1463w\" sizes=\"(max-width: 732px) 100vw, 732px\" \/><\/a><\/figure>\n\n\n\n<p>Ob\u011b tyto trat\u011b jsou vhodn\u00e9 pro formulov\u00e9 vozy.&nbsp; Cel\u00fd z\u00e1vodn\u00ed v\u00edkend se pojede o putovn\u00ed poh\u00e1r pivovaru Chodovar. Poh\u00e1r se bude br\u00e1t ze star\u00e9 trat\u011b v&nbsp;Be\u010dov\u011b. Poh\u00e1r z\u00edsk\u00e1 nejlep\u0161\u00ed jezdec z obou z\u00e1vod\u016f. Chceme na t\u011bchto trat\u00edch ud\u011blat tradici tak aby byli ka\u017edoro\u010dn\u011b v&nbsp;kalend\u00e1\u0159i z\u00e1vod\u016f.<\/p>\n","protected":false},"excerpt":{"rendered":"<p>Po velk\u00e9 debat\u011b a anket\u011b jezdc\u016f, d\u00e1v\u00e1me na jejich p\u0159\u00e1n\u00ed a z\u00e1vodn\u00ed v\u00edkend pojedeme s&nbsp;n\u00e1sleduj\u00edc\u00edm programem. V&nbsp;sobotu 19.6.2021 pojedeme na trati Caltov-Leti\u0161t\u011b K\u0159i\u017eenec. D\u00e9lka t\u00e9to trat\u011b je 2277 metr\u016f s&nbsp;p\u0159ev\u00fd\u0161en\u00edm 157 metr\u016f. Po cel\u00e9 d\u00e9lce trat\u011b jsou svodidla a perfektn\u00ed povrch. Pojedeme dva tr\u00e9ninky a t\u0159i z\u00e1vodn\u00ed j\u00edzdy. V&nbsp;ned\u011bli 20.6.2021 pojedeme na trati Caltov \u2013&hellip;<\/p>\n","protected":false},"author":2,"featured_media":542,"comment_status":"closed","ping_status":"open","sticky":false,"template":"","format":"standard","meta":[],"categories":[15],"tags":[],"_links":{"self":[{"href":"https:\/\/www.krusnohorskypohar.cz\/index.php\/wp-json\/wp\/v2\/posts\/585"}],"collection":[{"href":"https:\/\/www.krusnohorskypohar.cz\/index.php\/wp-json\/wp\/v2\/posts"}],"about":[{"href":"https:\/\/www.krusnohorskypohar.cz\/index.php\/wp-json\/wp\/v2\/types\/post"}],"author":[{"embeddable":true,"href":"https:\/\/www.krusnohorskypohar.cz\/index.php\/wp-json\/wp\/v2\/users\/2"}],"replies":[{"embeddable":true,"href":"https:\/\/www.krusnohorskypohar.cz\/index.php\/wp-json\/wp\/v2\/comments?post=585"}],"version-history":[{"count":4,"href":"https:\/\/www.krusnohorskypohar.cz\/index.php\/wp-json\/wp\/v2\/posts\/585\/revisions"}],"predecessor-version":[{"id":596,"href":"https:\/\/www.krusnohorskypohar.cz\/index.php\/wp-json\/wp\/v2\/posts\/585\/revisions\/596"}],"wp:featuredmedia":[{"embeddable":true,"href":"https:\/\/www.krusnohorskypohar.cz\/index.php\/wp-json\/wp\/v2\/media\/542"}],"wp:attachment":[{"href":"https:\/\/www.krusnohorskypohar.cz\/index.php\/wp-json\/wp\/v2\/media?parent=585"}],"wp:term":[{"taxonomy":"category","embeddable":true,"href":"https:\/\/www.krusnohorskypohar.cz\/index.php\/wp-json\/wp\/v2\/categories?post=585"},{"taxonomy":"post_tag","embeddable":true,"href":"https:\/\/www.krusnohorskypohar.cz\/index.php\/wp-json\/wp\/v2\/tags?post=585"}],"curies":[{"name":"wp","href":"https:\/\/api.w.org\/{rel}","templated":true}]}}