{"id":5845,"date":"2023-12-22T17:39:12","date_gmt":"2023-12-22T17:39:12","guid":{"rendered":"https:\/\/www.krusnohorskypohar.cz\/?p=5845"},"modified":"2023-12-22T17:39:12","modified_gmt":"2023-12-22T17:39:12","slug":"pf-2024","status":"publish","type":"post","link":"https:\/\/www.krusnohorskypohar.cz\/index.php\/2023\/12\/22\/pf-2024\/","title":{"rendered":"PF 2024"},"content":{"rendered":"\n<p>V\u00e1\u017een\u00ed p\u0159\u00e1tel\u00e9, Kru\u0161nohorsk\u00fd poh\u00e1r p\u0159eje v\u0161em jezdc\u016fm a jejich rodin\u00e1m, kamar\u00e1d\u016fm, doprovod\u016fm, medi\u00e1ln\u00edm partner\u016fm, sponzor\u016fm, div\u00e1k\u016fm, bezpe\u010dnostn\u00edm slo\u017ek\u00e1m, po\u0159adatel\u016fm, m\u011bst\u016fm a obc\u00edm kr\u00e1sn\u00e9 sv\u00e1tky v\u00e1no\u010dn\u00ed a \u0161\u0165astn\u00fd nov\u00fd rok 2024. P\u0159ihl\u00e1\u0161ky jak do poh\u00e1ru team\u016f 2024 tak i na prvn\u00ed z\u00e1vod sez\u00f3ny 2024 na Autodromu Sosnov\u00e1 otev\u0159eme 1.1.2024 v odpoledn\u00edch hodin\u00e1ch.<\/p>\n\n\n\n<p>Za Kru\u0161nohorsk\u00fd poh\u00e1r Vladim\u00edr Krej\u010d\u00ed<\/p>\n\n\n\n<figure class=\"wp-block-image size-large\"><img loading=\"lazy\" width=\"400\" height=\"400\" src=\"https:\/\/www.krusnohorskypohar.cz\/wp-content\/uploads\/2023\/12\/vanoce-1.jpg\" alt=\"\" class=\"wp-image-5847\" srcset=\"https:\/\/www.krusnohorskypohar.cz\/wp-content\/uploads\/2023\/12\/vanoce-1.jpg 400w, https:\/\/www.krusnohorskypohar.cz\/wp-content\/uploads\/2023\/12\/vanoce-1-300x300.jpg 300w, https:\/\/www.krusnohorskypohar.cz\/wp-content\/uploads\/2023\/12\/vanoce-1-150x150.jpg 150w\" sizes=\"(max-width: 400px) 100vw, 400px\" \/><\/figure>\n","protected":false},"excerpt":{"rendered":"<p>V\u00e1\u017een\u00ed p\u0159\u00e1tel\u00e9, Kru\u0161nohorsk\u00fd poh\u00e1r p\u0159eje v\u0161em jezdc\u016fm a jejich rodin\u00e1m, kamar\u00e1d\u016fm, doprovod\u016fm, medi\u00e1ln\u00edm partner\u016fm, sponzor\u016fm, div\u00e1k\u016fm, bezpe\u010dnostn\u00edm slo\u017ek\u00e1m, po\u0159adatel\u016fm, m\u011bst\u016fm a obc\u00edm kr\u00e1sn\u00e9 sv\u00e1tky v\u00e1no\u010dn\u00ed a \u0161\u0165astn\u00fd nov\u00fd rok 2024. P\u0159ihl\u00e1\u0161ky jak do poh\u00e1ru team\u016f 2024 tak i na prvn\u00ed z\u00e1vod sez\u00f3ny 2024 na Autodromu Sosnov\u00e1 otev\u0159eme 1.1.2024 v odpoledn\u00edch hodin\u00e1ch. Za Kru\u0161nohorsk\u00fd poh\u00e1r Vladim\u00edr&hellip;<\/p>\n","protected":false},"author":2,"featured_media":5847,"comment_status":"closed","ping_status":"open","sticky":false,"template":"","format":"standard","meta":[],"categories":[1],"tags":[],"_links":{"self":[{"href":"https:\/\/www.krusnohorskypohar.cz\/index.php\/wp-json\/wp\/v2\/posts\/5845"}],"collection":[{"href":"https:\/\/www.krusnohorskypohar.cz\/index.php\/wp-json\/wp\/v2\/posts"}],"about":[{"href":"https:\/\/www.krusnohorskypohar.cz\/index.php\/wp-json\/wp\/v2\/types\/post"}],"author":[{"embeddable":true,"href":"https:\/\/www.krusnohorskypohar.cz\/index.php\/wp-json\/wp\/v2\/users\/2"}],"replies":[{"embeddable":true,"href":"https:\/\/www.krusnohorskypohar.cz\/index.php\/wp-json\/wp\/v2\/comments?post=5845"}],"version-history":[{"count":1,"href":"https:\/\/www.krusnohorskypohar.cz\/index.php\/wp-json\/wp\/v2\/posts\/5845\/revisions"}],"predecessor-version":[{"id":5848,"href":"https:\/\/www.krusnohorskypohar.cz\/index.php\/wp-json\/wp\/v2\/posts\/5845\/revisions\/5848"}],"wp:featuredmedia":[{"embeddable":true,"href":"https:\/\/www.krusnohorskypohar.cz\/index.php\/wp-json\/wp\/v2\/media\/5847"}],"wp:attachment":[{"href":"https:\/\/www.krusnohorskypohar.cz\/index.php\/wp-json\/wp\/v2\/media?parent=5845"}],"wp:term":[{"taxonomy":"category","embeddable":true,"href":"https:\/\/www.krusnohorskypohar.cz\/index.php\/wp-json\/wp\/v2\/categories?post=5845"},{"taxonomy":"post_tag","embeddable":true,"href":"https:\/\/www.krusnohorskypohar.cz\/index.php\/wp-json\/wp\/v2\/tags?post=5845"}],"curies":[{"name":"wp","href":"https:\/\/api.w.org\/{rel}","templated":true}]}}