{"id":5702,"date":"2023-10-18T18:13:38","date_gmt":"2023-10-18T18:13:38","guid":{"rendered":"https:\/\/www.krusnohorskypohar.cz\/?p=5702"},"modified":"2023-10-18T18:14:06","modified_gmt":"2023-10-18T18:14:06","slug":"konecne-poradi-teamu-sezony-2023","status":"publish","type":"post","link":"https:\/\/www.krusnohorskypohar.cz\/index.php\/2023\/10\/18\/konecne-poradi-teamu-sezony-2023\/","title":{"rendered":"Kone\u010dn\u00e9 po\u0159ad\u00ed team\u016f sez\u00f3ny 2023"},"content":{"rendered":"\n<figure class=\"wp-block-table is-style-stripes\"><table><tbody><tr><td>po\u0159ad\u00ed &nbsp;&nbsp;&nbsp;<\/td><td>N\u00e1zev teamu&nbsp;&nbsp;<\/td><td>Jm\u00e9na jezdc\u016f&nbsp;&nbsp;<\/td><td>body &nbsp;&nbsp;&nbsp;<\/td><\/tr><tr><td><strong>1.m\u00edsto<\/strong> \u00a0\u00a0\u00a0<\/td><td><strong>VS Motorsport \u00a0\u00a0\u00a0<\/strong><\/td><td><strong>Marek Va\u0148ha \u00a0\u00a0\u00a0 Vladim\u00edr Va\u0148ha \u00a0\u00a0\u00a0 Jan Seiser \u00a0\u00a0\u00a0 Luk\u00e1\u0161 Kade\u010dka<\/strong> \u00a0\u00a0\u00a0<\/td><td><strong>684,30 <\/strong>\u00a0\u00a0\u00a0<\/td><\/tr><tr><td><strong>2.m\u00edsto<\/strong> \u00a0\u00a0\u00a0<\/td><td><strong>LT motorsport<\/strong> \u00a0\u00a0\u00a0<\/td><td><strong>Franti\u0161ek Barto\u0161 \u00a0\u00a0Tom\u00e1\u0161 Zakou\u0159il \u00a0\u00a0\u00a0 Michal N\u011bm\u010dek \u00a0\u00a0\u00a0 Petr Jel\u00ednek \u00a0\u00a0 Jan Valenta \u00a0<\/strong>\u00a0\u00a0<\/td><td><strong>663,50 <\/strong>\u00a0\u00a0\u00a0<\/td><\/tr><tr><td><strong>3.m\u00edsto<\/strong> \u00a0\u00a0\u00a0<\/td><td><strong>FN racing CZ <\/strong>\u00a0\u00a0\u00a0<\/td><td><strong>Franti\u0161ek N\u011bmec \u00a0\u00a0\u00a0 Franti\u0161ek N\u011bmec junior \u00a0\u00a0\u00a0<\/strong><\/td><td><strong>475,10 <\/strong>\u00a0\u00a0\u00a0<\/td><\/tr><tr><td>4.m\u00edsto &nbsp;&nbsp;&nbsp;<\/td><td>Figgts Eich Racing Team &nbsp;<\/td><td>Jens Zilian Max Pfeiffer &nbsp;&nbsp;&nbsp;Jan Kulich &nbsp;&nbsp;&nbsp;Martin Zach Josef J\u00edlek<\/td><td>424,50 &nbsp;&nbsp;&nbsp;<\/td><\/tr><tr><td>5.m\u00edsto &nbsp;&nbsp;&nbsp;<\/td><td>Cupra racing team &nbsp;&nbsp;&nbsp;<\/td><td>David Pla\u0161il &nbsp;&nbsp;&nbsp; Patrik Sejkora &nbsp;&nbsp;&nbsp; Michal Weinhold &nbsp;&nbsp; Jakub Zelenka &nbsp;&nbsp; Radim Kubla&nbsp; Bed\u0159ich Vav\u0159ich&nbsp;&nbsp;<\/td><td>413,70 &nbsp;&nbsp;&nbsp;<\/td><\/tr><tr><td>6.m\u00edsto &nbsp;&nbsp;&nbsp;<\/td><td>AutoTer\u0161 Racing Team Klatovy &nbsp;&nbsp;&nbsp;<\/td><td>Ji\u0159\u00ed Ter\u0161&nbsp; &nbsp;&nbsp; Ji\u0159\u00ed Ter\u0161 jun. &nbsp;&nbsp;&nbsp;Petr Sklen\u00e1\u0159 &nbsp;<\/td><td>391,60 &nbsp;&nbsp;&nbsp;<\/td><\/tr><tr><td>7.m\u00edsto &nbsp;&nbsp;&nbsp;<\/td><td>AutoLappy &nbsp;&nbsp;&nbsp;<\/td><td>Vladim\u00edr Lapi\u0161 &nbsp;&nbsp;&nbsp; Daniel Lapi\u0161 &nbsp;&nbsp;&nbsp; Martin Tom\u0161\u016f &nbsp;&nbsp;&nbsp; Ond\u0159ej Parma &nbsp;&nbsp;&nbsp; Martin Homolka &nbsp;&nbsp;<\/td><td>386,50 &nbsp;&nbsp;&nbsp;<\/td><\/tr><tr><td>8.m\u00edsto &nbsp;&nbsp;&nbsp;<\/td><td>Constellation Team &nbsp;&nbsp;&nbsp;<\/td><td>Milan Proch\u00e1zka&nbsp; &nbsp;&nbsp; David \u0160trupl &nbsp;&nbsp;&nbsp; Ladislav Tk\u00e1\u010d &nbsp;&nbsp;&nbsp; Luk\u00e1\u0161 S\u00fdkora &nbsp;&nbsp;&nbsp; Marcel Thomas &nbsp;&nbsp;&nbsp; Hanka Proch\u00e1zkov\u00e1 &nbsp;&nbsp;Martin K\u0159i\u017ean &nbsp;&nbsp;&nbsp; Vendula Moko\u0161ov\u00e1 &nbsp;&nbsp;&nbsp;<\/td><td>385,30 &nbsp;&nbsp;&nbsp;<\/td><\/tr><tr><td>9.m\u00edsto &nbsp;&nbsp;&nbsp;<\/td><td>K\u00e1\u010da team &nbsp;&nbsp;&nbsp;<\/td><td>Petr Dr\u00e1bek&nbsp;&nbsp; Miroslav Kadlec &nbsp;&nbsp;&nbsp; Radek Babka&nbsp;&nbsp; Petr Babka &nbsp;&nbsp; V\u00e1clav \u0160lauf &nbsp;&nbsp;&nbsp;<\/td><td>353,10 &nbsp;&nbsp;&nbsp;<\/td><\/tr><tr><td>10.m\u00edsto &nbsp;&nbsp;&nbsp;<\/td><td>Bursa racing team &nbsp;&nbsp;&nbsp;<\/td><td>Lud\u011bk Bursa&nbsp;&nbsp;&nbsp; Jan Bursa &nbsp;&nbsp; Jan Bursa ml.&nbsp; &nbsp;&nbsp;&nbsp; Adam Bursa &nbsp;&nbsp;&nbsp;<\/td><td>349,80 &nbsp;&nbsp;&nbsp;<\/td><\/tr><tr><td>11.m\u00edsto &nbsp;&nbsp;&nbsp;<\/td><td>Profa racing team &nbsp;&nbsp;&nbsp;<\/td><td>Jan Profeld. &nbsp;&nbsp;&nbsp; Jan Profeld Junior &nbsp;&nbsp;&nbsp; Zdenek Zaji\u010dek &nbsp;&nbsp;&nbsp;Robert Vosyka &nbsp;&nbsp;&nbsp;<\/td><td>348,90 &nbsp;&nbsp;&nbsp;<\/td><\/tr><tr><td>12.m\u00edsto &nbsp;&nbsp;&nbsp;<\/td><td>Bo\u010dek-Motorsport &nbsp;&nbsp;&nbsp;<\/td><td>Ji\u0159\u00ed Bo\u010dek ml &nbsp;&nbsp;&nbsp; Ji\u0159\u00ed Bo\u010dek &nbsp;Ji\u0159\u00ed Bo\u010dek st. &nbsp;&nbsp;Martin \u0158epka &nbsp;&nbsp;&nbsp; Ji\u0159\u00ed Franc &nbsp;&nbsp;&nbsp;<\/td><td>305,50 &nbsp;&nbsp;&nbsp;<\/td><\/tr><tr><td>13.m\u00edsto &nbsp;&nbsp;&nbsp;<\/td><td>Auto borci z gar\u00e1\u017ee &nbsp;&nbsp;&nbsp;<\/td><td>Zden\u011bk Jav\u016frek &nbsp;&nbsp;&nbsp; Tom\u00e1\u0161 Bu\u0148ata &nbsp;&nbsp;&nbsp;Josef Rulc &nbsp;&nbsp;&nbsp; Petr Munzar &nbsp;&nbsp;&nbsp; V\u00e1clav Val\u00e1\u0161ek &nbsp;&nbsp;&nbsp;<\/td><td>277,30 &nbsp;&nbsp;&nbsp;<\/td><\/tr><tr><td>14.m\u00edsto &nbsp;&nbsp;&nbsp;<\/td><td>JK motorsport &nbsp;&nbsp;&nbsp;<\/td><td>Ji\u0159\u00ed Volena &nbsp;&nbsp;&nbsp; Petr Buben\u00ed\u010dek &nbsp;&nbsp;&nbsp; Karel Pa\u010des &nbsp;&nbsp;&nbsp; Petr Buben\u00ed\u010dek &nbsp;&nbsp;&nbsp;<\/td><td>248,30 &nbsp;&nbsp;&nbsp;<\/td><\/tr><tr><td>15.m\u00edsto &nbsp;&nbsp;&nbsp;<\/td><td>\u017dabaq racing<\/td><td>Jaroslav H\u0159ava Franti\u0161ek Pt\u00e1k Pavel Szmuda Franti\u0161ek Suk Michal Bauer Franti\u0161ek Podola Jan Purma<\/td><td>198,90<\/td><\/tr><tr><td>16.m\u00edsto &nbsp;&nbsp;&nbsp;<\/td><td>My\u0161\u00e1ci 77 &nbsp;&nbsp;&nbsp;<\/td><td>Michal Ka\u0161par Martina Ka\u0161parov\u00e1 Pavel Moulis Du\u0161an \u0160ur\u00fdn Michal Lupa\u010d Dominik \u0160ur\u00fdn<\/td><td>175,00 &nbsp;&nbsp;&nbsp;<\/td><\/tr><tr><td>17.m\u00edsto &nbsp;&nbsp;&nbsp;<\/td><td>\u0160tefan\u00edk Motorsport &nbsp;&nbsp;&nbsp;<\/td><td>Ludv\u00edk \u0160tefan\u00edk &nbsp;&nbsp;Marek Bal\u00e1\u017e &nbsp;&nbsp;&nbsp;Ji\u0159\u00ed Svoboda &nbsp;&nbsp; V\u00e1clav Z\u00fdka &nbsp;&nbsp;&nbsp;<\/td><td>130,40 &nbsp;&nbsp;&nbsp;<\/td><\/tr><tr><td>18.m\u00edsto &nbsp;&nbsp;&nbsp;<\/td><td>VK-Motorsport &nbsp;&nbsp;&nbsp;<\/td><td>Petr V\u00e1clav\u00edk&nbsp; &nbsp; Pavel Maier&nbsp; &nbsp;&nbsp; Lenka Uherkov\u00e1 &nbsp;&nbsp;&nbsp; Olda Koc\u00e1l &nbsp;&nbsp;&nbsp;<\/td><td>119,80 &nbsp;&nbsp;&nbsp;<\/td><\/tr><tr><td>19.m\u00edsto &nbsp;&nbsp;&nbsp;<\/td><td>LEGR racing team &nbsp;&nbsp;&nbsp;<\/td><td>Jaroslav \u0160legr&nbsp;&nbsp;&nbsp; Ji\u0159i \u0160tastka &nbsp;&nbsp;&nbsp;<\/td><td>85,80 &nbsp;&nbsp;&nbsp;<\/td><\/tr><tr><td>20.m\u00edsto &nbsp;&nbsp;&nbsp;<\/td><td>Nowimotorsport &nbsp;&nbsp;&nbsp;<\/td><td>Tom\u00e1\u0161 Nov\u00e1k&nbsp;&nbsp;&nbsp; Vladim\u00edr Nov\u00e1k &nbsp;&nbsp;&nbsp;<\/td><td>24,00 &nbsp;&nbsp;&nbsp;<\/td><\/tr><\/tbody><\/table><\/figure>\n","protected":false},"excerpt":{"rendered":"<p>po\u0159ad\u00ed &nbsp;&nbsp;&nbsp; N\u00e1zev teamu&nbsp;&nbsp; Jm\u00e9na jezdc\u016f&nbsp;&nbsp; body &nbsp;&nbsp;&nbsp; 1.m\u00edsto \u00a0\u00a0\u00a0 VS Motorsport \u00a0\u00a0\u00a0 Marek Va\u0148ha \u00a0\u00a0\u00a0 Vladim\u00edr Va\u0148ha \u00a0\u00a0\u00a0 Jan Seiser \u00a0\u00a0\u00a0 Luk\u00e1\u0161 Kade\u010dka \u00a0\u00a0\u00a0 684,30 \u00a0\u00a0\u00a0 2.m\u00edsto \u00a0\u00a0\u00a0 LT motorsport \u00a0\u00a0\u00a0 Franti\u0161ek Barto\u0161 \u00a0\u00a0Tom\u00e1\u0161 Zakou\u0159il \u00a0\u00a0\u00a0 Michal N\u011bm\u010dek \u00a0\u00a0\u00a0 Petr Jel\u00ednek \u00a0\u00a0 Jan Valenta \u00a0\u00a0\u00a0 663,50 \u00a0\u00a0\u00a0 3.m\u00edsto \u00a0\u00a0\u00a0 FN racing CZ \u00a0\u00a0\u00a0 Franti\u0161ek&hellip;<\/p>\n","protected":false},"author":2,"featured_media":3823,"comment_status":"closed","ping_status":"open","sticky":false,"template":"","format":"standard","meta":[],"categories":[1,46],"tags":[],"_links":{"self":[{"href":"https:\/\/www.krusnohorskypohar.cz\/index.php\/wp-json\/wp\/v2\/posts\/5702"}],"collection":[{"href":"https:\/\/www.krusnohorskypohar.cz\/index.php\/wp-json\/wp\/v2\/posts"}],"about":[{"href":"https:\/\/www.krusnohorskypohar.cz\/index.php\/wp-json\/wp\/v2\/types\/post"}],"author":[{"embeddable":true,"href":"https:\/\/www.krusnohorskypohar.cz\/index.php\/wp-json\/wp\/v2\/users\/2"}],"replies":[{"embeddable":true,"href":"https:\/\/www.krusnohorskypohar.cz\/index.php\/wp-json\/wp\/v2\/comments?post=5702"}],"version-history":[{"count":2,"href":"https:\/\/www.krusnohorskypohar.cz\/index.php\/wp-json\/wp\/v2\/posts\/5702\/revisions"}],"predecessor-version":[{"id":5704,"href":"https:\/\/www.krusnohorskypohar.cz\/index.php\/wp-json\/wp\/v2\/posts\/5702\/revisions\/5704"}],"wp:featuredmedia":[{"embeddable":true,"href":"https:\/\/www.krusnohorskypohar.cz\/index.php\/wp-json\/wp\/v2\/media\/3823"}],"wp:attachment":[{"href":"https:\/\/www.krusnohorskypohar.cz\/index.php\/wp-json\/wp\/v2\/media?parent=5702"}],"wp:term":[{"taxonomy":"category","embeddable":true,"href":"https:\/\/www.krusnohorskypohar.cz\/index.php\/wp-json\/wp\/v2\/categories?post=5702"},{"taxonomy":"post_tag","embeddable":true,"href":"https:\/\/www.krusnohorskypohar.cz\/index.php\/wp-json\/wp\/v2\/tags?post=5702"}],"curies":[{"name":"wp","href":"https:\/\/api.w.org\/{rel}","templated":true}]}}