{"id":5643,"date":"2023-09-20T18:55:39","date_gmt":"2023-09-20T18:55:39","guid":{"rendered":"https:\/\/www.krusnohorskypohar.cz\/?p=5643"},"modified":"2023-09-20T20:16:44","modified_gmt":"2023-09-20T20:16:44","slug":"zhodnoceni-vysledku-sezony-2023-pred-poslednim-zavodem-na-polygonu-most","status":"publish","type":"post","link":"https:\/\/www.krusnohorskypohar.cz\/index.php\/2023\/09\/20\/zhodnoceni-vysledku-sezony-2023-pred-poslednim-zavodem-na-polygonu-most\/","title":{"rendered":"Zhodnocen\u00ed v\u00fdsledk\u016f sez\u00f3ny 2023 p\u0159ed posledn\u00edm z\u00e1vodem na Polygonu Most"},"content":{"rendered":"\n<p>V\u00e1\u017een\u00ed p\u0159\u00e1tel\u00e9, rychl\u00fdm tempem se n\u00e1m bl\u00ed\u017e\u00ed posledn\u00ed z\u00e1vod sez\u00f3ny 2023 kter\u00fd se bude konat 14.10.2023 na Polygonu Most. Pokus\u00edm se V\u00e1m tedy napsat o co se ve skupin\u00e1ch a absolutn\u00edm po\u0159ad\u00ed sez\u00f3ny 2023 a absolutn\u00edho po\u0159ad\u00ed t\u0159\u00edd sez\u00f3ny 2023 je\u0161t\u011b bojuje. P\u0159edem bych cht\u011bl napsat \u017ee v\u0161echny jezdci ,kte\u0159\u00ed odjedou v&nbsp;sezon\u011b sedm a v\u00edce z\u00e1vod\u016f budou na z\u00e1v\u011bre\u010dn\u00e9m vyhl\u00e1\u0161en\u00ed ocen\u011bny poh\u00e1ry tak i d\u00e1rky od na\u0161ich sponzor\u016f. Po\u0159ad\u00edm je\u0161t\u011b mohou zam\u00edchat nov\u00fd jezdci ,kte\u0159\u00ed se v seri\u00e1lu Kru\u0161nohorsk\u00fd poh\u00e1r p\u0159edstav\u00ed poprv\u00e9. Startovn\u00ed listina na Polygon Most je velice nabit\u00e1. V\u00edce jak 91 jezdc\u016f bude bojovat o poh\u00e1ry a posledn\u00ed body do klasifikace sez\u00f3ny 2023.Tento z\u00e1vod se jede o dvoje body a pasn\u00e9 dva z\u00e1vody. Z\u00e1v\u011bre\u010dn\u00e9 vyhl\u00e1\u0161en\u00ed sez\u00f3ny 2023 se bude konat v&nbsp;partnersk\u00e9m pivovaru Chodovar v&nbsp;Chodov\u00e9 Plan\u00e9 dne 25.11.2023. Te\u010f ji\u017e k&nbsp;aktu\u00e1ln\u00ed situaci v&nbsp;absolutn\u00edm po\u0159ad\u00ed a po\u0159ad\u00ed t\u0159\u00edd sez\u00f3ny 2023.<\/p>\n\n\n\n<p>V&nbsp;<strong>Absolutn\u00edm po\u0159ad\u00ed<\/strong> bez omezen\u00ed si to re\u00e1ln\u011b&nbsp; o mistra sez\u00f3ny 2023 rozd\u00e1 a\u017e dev\u011bt jezdc\u016f. Nejlep\u0161\u00ed v\u00fdchoz\u00ed pozici m\u00e1 Ondra Balv\u00edn p\u0159ed Janem Kalistou a t\u0159et\u00edm Milanem Andruchovi\u010dem. D\u00e1le v&nbsp;z\u00e1v\u011bsu jsou Patrik Misek ,Fanda N\u011bmec ml, Marek Va\u0148ha, Martin Wainer, Luk\u00e1\u0161 Kade\u010dka a Ji\u0159\u00ed Bo\u010dek. Tento posledn\u00ed z\u00e1vod rozhodne o v\u0161em a ji\u017e v&nbsp;sobotu 14.10.2023 budeme zn\u00e1t absolutn\u00edho v\u00edt\u011bze sez\u00f3ny 2023.<\/p>\n\n\n\n<p><strong>Absolutn\u00ed po\u0159ad\u00ed t\u0159\u00edd sez\u00f3ny 2023<\/strong><\/p>\n\n\n\n<p><strong>Skupina \u0160koda cup<\/strong>&#8211; O v\u00edt\u011bzi t\u00e9to skupiny je ji\u017e rozhodnuto, V\u00edt\u011bz se st\u00e1v\u00e1 Petr Babka. Ostatn\u00ed z\u00e1vodn\u00edci ji\u017e nespln\u00ed podm\u00ednku odjet\u00ed sedmi a v\u00edce z\u00e1vod\u016f.<\/p>\n\n\n\n<p><strong>Skupina N do 1400ccm<\/strong>&#8211; V&nbsp;t\u00e9to skupin\u011b ji\u017e m\u00e1 mo\u017enost ji vyhr\u00e1t pouze jeden jezdec. Martin Zach pokud odjede z\u00e1vod na Polygonu Most tak se stane v\u00edt\u011bzem t\u00e9to skupiny.<\/p>\n\n\n\n<p><strong>Skupina N do 1600ccm<\/strong>&#8211; O v\u00edt\u011bzi t\u00e9to skupiny je ji\u017e rozhodnuto, V\u00edt\u011bz se st\u00e1v\u00e1 Milan Andruchovi\u010d. Ostatn\u00ed z\u00e1vodn\u00edci ji\u017e nespln\u00ed podm\u00ednku odjet\u00ed sedmi a v\u00edce z\u00e1vod\u016f.<\/p>\n\n\n\n<p><strong>Skupina N do 2000cccm<\/strong>&#8211; Obrovsk\u00fd souboj o v\u00edt\u011bzstv\u00ed v&nbsp;t\u00e9to skupin\u011b se porvou na trati Polygonu Most prozat\u00edm vedouc\u00ed David \u0160trupl ale v&nbsp;t\u011bsn\u00e9m z\u00e1v\u011bsu za n\u00edm jsou Michal N\u011bm\u010dek a Petr Jel\u00ednek. O \u010dtvrt\u00e9 m\u00edsto budou bojovat Milan Je\u017eek a se sv\u00fdm synem Milanem Je\u017ekem ml. Milan Je\u017eek ml mus\u00ed nastoupit do posledn\u00edho z\u00e1vodu aby se objevil na z\u00e1v\u011bre\u010dn\u00e9m vyhl\u00e1\u0161en\u00ed sez\u00f3ny 2023. Chyb\u00ed mu odjet jeden z\u00e1vod.<\/p>\n\n\n\n<p><strong>Skupina N nad 2000ccm<\/strong>&#8211; \u010cty\u0159i jezdci si to rozdaj\u00ed ve velk\u00e9m souboji na Polygonu Most. Prvn\u00ed m\u00edsto zat\u00edm dr\u017e\u00ed Jan Valenta p\u0159ed Tom\u00e1\u0161em Zakou\u0159ilem, kter\u00fd ale mus\u00ed odjet z\u00e1vod na Polygonu Most, jezdec zat\u00edm nesplnil sedm a v\u00edce z\u00e1vod\u016f. T\u0159et\u00ed je Bed\u0159ich Vav\u0159ich p\u0159ed Patrikem Sejkorou, kter\u00e9mu tak\u00e9 chyb\u00ed odejet tento posledn\u00ed z\u00e1vod..<\/p>\n\n\n\n<p><strong>Skupina N2<\/strong>&#8211; Tato skupina na z\u00e1v\u011bre\u010dn\u00e9m vyhl\u00e1\u0161en\u00ed nebude m\u00edt zastoupen\u00ed ale to neznamen\u00e1 \u017ee boje o poh\u00e1ry za z\u00e1vod na Polygonu Most nebudou zaj\u00edmav\u00e9.<\/p>\n\n\n\n<p><strong>Skupina H do 1400ccm<\/strong>&#8211; Dva jezdci si to rozdaj\u00ed v&nbsp;p\u0159\u00edm\u00e9m souboji o prvn\u00ed m\u00edsto p\u0159\u00edmo na Polygonu Most. Pro zat\u00edm vede Kurt Kunz p\u0159ed Janem Profeldem. Jan zat\u00edm nen\u00ed ve startovn\u00ed listin\u011b na Polygon ale v\u011b\u0159\u00edme \u017ee se na tento z\u00e1vod p\u0159ihl\u00e1s\u00ed.<\/p>\n\n\n\n<p><strong>Skupina H do 1600ccm<\/strong>&#8211; V&nbsp;t\u00e9to skupin\u011b ji\u017e m\u00e1 mo\u017enost ji vyhr\u00e1t pouze jeden jezdec. Vladim\u00edr Va\u0148ha pokud odjede z\u00e1vod na Polygonu Most tak se stane v\u00edt\u011bzem t\u00e9to skupiny.<\/p>\n\n\n\n<p><strong>Skupina H nad 1601ccm<\/strong>&#8211; Velk\u00fd souboj se strhne o v\u00edt\u011bzstv\u00ed t\u00e9to skupiny mezi Pavlem Whutschkou a Jirkou Webingerem. Bude to velice nap\u00ednav\u00e9.<\/p>\n\n\n\n<p><strong>Skupina E1 do 950ccm<\/strong>&#8211; Dal\u0161\u00ed velk\u00fd souboj teamov\u00fdch par\u0165\u00e1k\u016f o v\u00edtezstv\u00ed v&nbsp;t\u00e9to skupin\u011b se strhne mezi Jirku Webingerem a Ivanem Svobodou<\/p>\n\n\n\n<p><strong>Skupina E1 do 1400ccm<\/strong>&#8211; A op\u011bt dal\u0161\u00ed velk\u00fd souboj teamov\u00fdch par\u0165\u00e1k\u016f o v\u00edtezstv\u00ed v&nbsp;t\u00e9to skupin\u011b se strhne mezi Vladim\u00edrem Lapi\u0161em a Ond\u0159ejem Parmou.<\/p>\n\n\n\n<p><strong>Skupina E1 do 1600ccm<\/strong>&#8211; Tato skupina na z\u00e1v\u011bre\u010dn\u00e9m vyhl\u00e1\u0161en\u00ed nebude m\u00edt zastoupen\u00ed ale to neznamen\u00e1 \u017ee boje o poh\u00e1ry za z\u00e1vod na Polygonu Most nebudou zaj\u00edmav\u00e9.<\/p>\n\n\n\n<p><strong>Skupina E1 do 2000ccm<\/strong>&#8211; V&nbsp;t\u00e9to skupin\u011b \u010dty\u0159i jezdci budou klasifikov\u00e1ni na konci sez\u00f3ny ale o to v\u011bt\u0161\u00ed boj se strhne o prvn\u00ed m\u00edsto. Po\u0159ad\u00ed p\u0159ed posledn\u00edm z\u00e1vodem je zat\u00edm takov\u00e9. Prvn\u00ed m\u00edsto dr\u017e\u00ed Patrik Misek p\u0159ed Luk\u00e1\u0161em Kade\u010dkou a n\u011bmeck\u00fdm jezdcem Larsem Kastelem. &nbsp;\u010ctvrt\u00fd je zat\u00edm jeden z&nbsp;nejstar\u0161\u00edch jezdc\u016f Kru\u0161nohorsk\u00e9ho poh\u00e1ru M\u00edra Kadlec.<\/p>\n\n\n\n<p><strong>Skupina E1 nad 2001ccm<\/strong>&#8211; P\u011bt jezdc\u016f m\u00e1 je\u0161t\u011b \u0161anci se uk\u00e1zat na z\u00e1v\u011bre\u010dn\u00e9m vyhl\u00e1\u0161en\u00ed sez\u00f3ny. Tato skupina je velice zamotan\u00e1. O prvn\u00edm m\u00edst\u011b je ji\u017e rozhodnuto a stane se j\u00edm Ondra Balv\u00edn. O druh\u00e9 a\u017e p\u00e1t\u00e9 m\u00edsto bude tak\u00e9 velk\u00fd boj. Po\u0159ad\u00ed je zat\u00edm takov\u00e9. Druh\u00e9 m\u00edsto dr\u017e\u00ed Ji\u0159\u00ed Bo\u010dek. T\u0159et\u00ed m\u00edsto m\u00e1 zat\u00edm David Mika p\u0159ed Markem \u0160najdrem a Karlem Mondekem. Karel mus\u00ed ale odjet z\u00e1vod na Polygonu Most aby byl klasifikovan\u00fd..<\/p>\n\n\n\n<p><strong>Skupina E2-voln\u00e1<\/strong>&#8211; O v\u00edt\u011bzi t\u00e9to skupiny je ji\u017e rozhodnuto, V\u00edt\u011bz se st\u00e1v\u00e1 Martin Wainer. Ostatn\u00ed z\u00e1vodn\u00edci ji\u017e nespln\u00ed podm\u00ednku odjet\u00ed sedmi a v\u00edce z\u00e1vod\u016f.<\/p>\n\n\n\n<p><strong>Skupina E2-M<\/strong>&#8211; Bohu\u017eel v&nbsp;t\u00e9to skupin\u011b nespln\u00ed ani jeden z&nbsp;jezdc\u016f podm\u00ednku odjet\u00ed sedmi a v\u00edce z\u00e1vod\u016f. Tato skupina nebude na z\u00e1v\u011bre\u010dn\u00e9m vyhl\u00e1\u0161en\u00ed sez\u00f3ny 2023 v&nbsp;pivovaru Chodovar klasifikov\u00e1na.<\/p>\n\n\n\n<p><strong>Skupina E2-formule<\/strong>&#8211; Dva jezdci t\u00e9to skupiny budou z\u0159ejm\u011b klasifikov\u00e1ni. Prvn\u00ed m\u00edsto si dr\u017e\u00ed Zdenkem Jav\u016frkem p\u0159ed druh\u00fdm M\u00edrou Nov\u00fdm. M\u00edra mus\u00ed je\u0161t\u011b odjet z\u00e1vod na Polygonu Most.<\/p>\n\n\n\n<p><strong>Skupina Junior cup<\/strong>&#8211; Asi nejv\u011bt\u0161\u00ed boj bude v&nbsp;t\u00e9to skupin\u011b. O prvn\u00ed a\u017e \u010dtvrt\u00e9 m\u00edsto si to rozdaj\u00ed Luk\u00e1\u0161 Bla\u017eek ,Honz\u00edk Bursa, Adam Bursa a Lucka Bla\u017ekov\u00e1. V\u0161echny mezi sebou d\u011bl\u00ed p\u00e1r bod\u016f Honz\u00edk a Adam je\u0161t\u011b mus\u00ed odjet tento posledn\u00ed z\u00e1vod na Polygonu Most<\/p>\n\n\n\n<p><strong>Skupina R do 1400ccm<\/strong>&#8211; V&nbsp;t\u00e9to skupin\u011b ji\u017e m\u00e1 mo\u017enost ji vyhr\u00e1t pouze jeden jezdec. Jirka Ter\u0161 jun. pokud odjede z\u00e1vod na Polygonu Most tak se stane v\u00edt\u011bzem t\u00e9to skupiny.<\/p>\n\n\n\n<p><strong>Skupina R do 1600ccm<\/strong>&#8211; V&nbsp;t\u00e9to skupin\u011b re\u00e1ln\u011b jeden\u00e1ct jezdc\u016f se m\u016f\u017ee uk\u00e1zat na z\u00e1v\u011bre\u010dn\u00e9m vyhl\u00e1\u0161en\u00ed v&nbsp;pivovaru Chodovar. Prvn\u00ed m\u00edsto si dr\u017e\u00ed Jan Kalista. Dal\u0161\u00ed za n\u00edm jsou Marek Va\u0148ha, Jaroslav H\u0159ava, Josef Frous Michal Weinhold,,Denis Vidinli, , Radek Babka, Ale\u0161 Bodn\u00e1r, Petr Dr\u00e1bek, Tom\u00e1\u0161 Lang a Kamila Zaj\u00ed\u010dkov\u00e1. V&nbsp;t\u00e9to skupin\u011b chyb\u00ed odjet aby byli klasifikov\u00e1ni v&nbsp;sez\u00f3n\u011b 2023 tyto jezdci. Marek Va\u0148ha, Ale\u0161 Bodn\u00e1r, Petr Dr\u00e1bek ,Tom\u00e1\u0161 Lang a Kamila Zaj\u00ed\u010dkov\u00e1<\/p>\n\n\n\n<p><strong>Skupina R do 2000cccm<\/strong>&#8211; Sedm jezdc\u016f v\u00a0t\u00e9to skupin\u011b se re\u00e1ln\u011b m\u016f\u017ee uk\u00e1zat na z\u00e1v\u011bre\u010dn\u00e9m vyhl\u00e1\u0161en\u00ed sez\u00f3ny 2023.\u00a0 L\u00eddrem t\u00e9to skupiny je Fanda N\u011bmec ml. Ale za n\u00edm se rozho\u0159\u00ed boje. Prozat\u00edmn\u00ed po\u0159ad\u00ed je takov\u00e9. Druh\u00e9 m\u00edsto Jan Kulich, t\u0159et\u00ed m\u00edsto Franti\u0161ek N\u011bmec, \u010dtvrt\u00fd Jakub Zelenka, p\u00e1t\u00fd Jan Cenefels,  \u0161est\u00fd Martin K\u0159i\u017ean a sedmou p\u0159\u00ed\u010dku pro zat\u00edm m\u00e1 Dagamar \u010cemusov\u00e1.. Dagmar \u010cemusov\u00e1 Jan Cenefels a Jakub Zelenka mus\u00ed nastoupit do z\u00e1vodu v Most\u011b aby byli klasifikov\u00e1ni v sez\u00f3n\u011b 2023.<\/p>\n\n\n\n<p><strong>Skupina R nad 2001ccm<\/strong>&#8211; P\u011bt jezdc\u016f m\u00e1 re\u00e1lnou mo\u017enost se uk\u00e1zat na z\u00e1v\u011bre\u010dn\u00e9m vyhl\u00e1\u0161en\u00ed sez\u00f3ny 2023 v&nbsp;pivovaru Chodovar. Prvn\u00ed m\u00edsto si dr\u017e\u00ed Jakub Draxler, kter\u00e9mu ale chyb\u00ed odjet posledn\u00ed z\u00e1vod sez\u00f3ny aby byl klasifikovan\u00fd p\u0159ed Bar\u010dou Kom\u00e1rkovou. T\u0159et\u00ed m\u00edsto prozat\u00edm m\u00e1 Milan Proch\u00e1zka p\u0159ed Petrem Sklen\u00e1\u0159em a Jirkou Ter\u0161em. JirkaTer\u0161 tak\u00e9 mus\u00ed je\u0161t\u011b odjet z\u00e1vod na Polygonu Most.<\/p>\n\n\n\n<p><strong>Skupina D\u00e1msk\u00fd poh\u00e1r<\/strong>&#8211; \u010cty\u0159i \u017eeny si to rozdaj\u00ed o v\u00edt\u011bzstv\u00ed v&nbsp;D\u00e1msk\u00e9m poh\u00e1ru. Po\u0159ad\u00ed je zat\u00edm takov\u00e9. Vede Bar\u010da Kom\u00e1rkov\u00e1 , druh\u00e1 v&nbsp;z\u00e1v\u011bsu je Lucie Bla\u017ekov\u00e1, t\u0159et\u00ed pak Dagmar \u010cemusouv\u00e1 a \u010dtvrt\u00e1 Kamila Zaj\u00ed\u010dkov\u00e1. Dagmar a Kamila mus\u00ed odjet posledn\u00ed z\u00e1vod sez\u00f3ny aby mohli b\u00fdt klasifikovan\u00e9.<\/p>\n\n\n\n<p><strong>Poh\u00e1r team\u016f sez\u00f3ny 2023 Kru\u0161nohorsk\u00e9ho poh\u00e1ru<\/strong>&#8211; V&nbsp;poh\u00e1ru team\u016f je velk\u00fd boj . Na konci sez\u00f3ny se budou klasifikovat prvn\u00ed t\u0159i teamy. Prozat\u00edmn\u00ed po\u0159ad\u00ed je takov\u00e9. Prvn\u00ed m\u00edsto si dr\u017e\u00ed VS motorsport p\u0159ed LT motorsportem. Zde se nebezpe\u010dn\u011b dotahuj\u00ed i teamy FN racing CZ, Cupra racing team, Constellation team, Figgts Eich Racing Team a AutoLappy. I zde to bude velk\u00fd boj.<\/p>\n","protected":false},"excerpt":{"rendered":"<p>V\u00e1\u017een\u00ed p\u0159\u00e1tel\u00e9, rychl\u00fdm tempem se n\u00e1m bl\u00ed\u017e\u00ed posledn\u00ed z\u00e1vod sez\u00f3ny 2023 kter\u00fd se bude konat 14.10.2023 na Polygonu Most. Pokus\u00edm se V\u00e1m tedy napsat o co se ve skupin\u00e1ch a absolutn\u00edm po\u0159ad\u00ed sez\u00f3ny 2023 a absolutn\u00edho po\u0159ad\u00ed t\u0159\u00edd sez\u00f3ny 2023 je\u0161t\u011b bojuje. P\u0159edem bych cht\u011bl napsat \u017ee v\u0161echny jezdci ,kte\u0159\u00ed odjedou v&nbsp;sezon\u011b sedm a v\u00edce&hellip;<\/p>\n","protected":false},"author":2,"featured_media":3823,"comment_status":"closed","ping_status":"open","sticky":false,"template":"","format":"standard","meta":[],"categories":[46],"tags":[],"_links":{"self":[{"href":"https:\/\/www.krusnohorskypohar.cz\/index.php\/wp-json\/wp\/v2\/posts\/5643"}],"collection":[{"href":"https:\/\/www.krusnohorskypohar.cz\/index.php\/wp-json\/wp\/v2\/posts"}],"about":[{"href":"https:\/\/www.krusnohorskypohar.cz\/index.php\/wp-json\/wp\/v2\/types\/post"}],"author":[{"embeddable":true,"href":"https:\/\/www.krusnohorskypohar.cz\/index.php\/wp-json\/wp\/v2\/users\/2"}],"replies":[{"embeddable":true,"href":"https:\/\/www.krusnohorskypohar.cz\/index.php\/wp-json\/wp\/v2\/comments?post=5643"}],"version-history":[{"count":2,"href":"https:\/\/www.krusnohorskypohar.cz\/index.php\/wp-json\/wp\/v2\/posts\/5643\/revisions"}],"predecessor-version":[{"id":5645,"href":"https:\/\/www.krusnohorskypohar.cz\/index.php\/wp-json\/wp\/v2\/posts\/5643\/revisions\/5645"}],"wp:featuredmedia":[{"embeddable":true,"href":"https:\/\/www.krusnohorskypohar.cz\/index.php\/wp-json\/wp\/v2\/media\/3823"}],"wp:attachment":[{"href":"https:\/\/www.krusnohorskypohar.cz\/index.php\/wp-json\/wp\/v2\/media?parent=5643"}],"wp:term":[{"taxonomy":"category","embeddable":true,"href":"https:\/\/www.krusnohorskypohar.cz\/index.php\/wp-json\/wp\/v2\/categories?post=5643"},{"taxonomy":"post_tag","embeddable":true,"href":"https:\/\/www.krusnohorskypohar.cz\/index.php\/wp-json\/wp\/v2\/tags?post=5643"}],"curies":[{"name":"wp","href":"https:\/\/api.w.org\/{rel}","templated":true}]}}