{"id":5483,"date":"2023-08-14T16:38:16","date_gmt":"2023-08-14T16:38:16","guid":{"rendered":"https:\/\/www.krusnohorskypohar.cz\/?p=5483"},"modified":"2023-08-14T16:38:16","modified_gmt":"2023-08-14T16:38:16","slug":"zav-kdyne-startovni-listina-je-naplnena-2","status":"publish","type":"post","link":"https:\/\/www.krusnohorskypohar.cz\/index.php\/2023\/08\/14\/zav-kdyne-startovni-listina-je-naplnena-2\/","title":{"rendered":"ZAV Kdyn\u011b- startovn\u00ed listina je napln\u011bna"},"content":{"rendered":"\n<p>V\u00e1\u017een\u00ed p\u0159\u00e1tel\u00e9, dne\u0161n\u00edm dnem se uzav\u00edr\u00e1 p\u0159ihla\u0161ov\u00e1n\u00ed pro jezdce kte\u0159\u00ed je\u0161t\u011b neodjeli \u017e\u00e1dn\u00fd z\u00e1vod sez\u00f3ny 2023 z d\u016fvodu napln\u011bn\u00ed kapacity trat\u011b. P\u0159ihl\u00e1\u0161ky jsou otev\u0159eny pro jezdce kte\u0159\u00ed jedou pro body do celkov\u00e9 klasifikace a budou v\u0159azeny do startovn\u00ed listiny, aby nep\u0159i\u0161li o body do celkov\u00e9 klasifikace sez\u00f3ny 2023. Toto opat\u0159en\u00ed d\u011bl\u00e1me tak\u00e9 z d\u016fvodu kapacity depa a pr\u016fb\u011bhu z\u00e1vodu. Pros\u00edme tak\u00e9 jezdce kte\u0159\u00ed nepojedou tento z\u00e1vod aby n\u00e1m to dali v\u010das v\u011bd\u011bt. Pokud se do 1.9.2023 uvoln\u00ed m\u00edsta ve startovn\u00ed listin\u011b ,p\u0159ihl\u00e1\u0161ky otev\u0159eme op\u011bt i pro nov\u00e9 jezdce.<\/p>\n","protected":false},"excerpt":{"rendered":"<p>V\u00e1\u017een\u00ed p\u0159\u00e1tel\u00e9, dne\u0161n\u00edm dnem se uzav\u00edr\u00e1 p\u0159ihla\u0161ov\u00e1n\u00ed pro jezdce kte\u0159\u00ed je\u0161t\u011b neodjeli \u017e\u00e1dn\u00fd z\u00e1vod sez\u00f3ny 2023 z d\u016fvodu napln\u011bn\u00ed kapacity trat\u011b. P\u0159ihl\u00e1\u0161ky jsou otev\u0159eny pro jezdce kte\u0159\u00ed jedou pro body do celkov\u00e9 klasifikace a budou v\u0159azeny do startovn\u00ed listiny, aby nep\u0159i\u0161li o body do celkov\u00e9 klasifikace sez\u00f3ny 2023. Toto opat\u0159en\u00ed d\u011bl\u00e1me tak\u00e9 z d\u016fvodu kapacity&hellip;<\/p>\n","protected":false},"author":2,"featured_media":470,"comment_status":"closed","ping_status":"open","sticky":false,"template":"","format":"standard","meta":[],"categories":[53],"tags":[],"_links":{"self":[{"href":"https:\/\/www.krusnohorskypohar.cz\/index.php\/wp-json\/wp\/v2\/posts\/5483"}],"collection":[{"href":"https:\/\/www.krusnohorskypohar.cz\/index.php\/wp-json\/wp\/v2\/posts"}],"about":[{"href":"https:\/\/www.krusnohorskypohar.cz\/index.php\/wp-json\/wp\/v2\/types\/post"}],"author":[{"embeddable":true,"href":"https:\/\/www.krusnohorskypohar.cz\/index.php\/wp-json\/wp\/v2\/users\/2"}],"replies":[{"embeddable":true,"href":"https:\/\/www.krusnohorskypohar.cz\/index.php\/wp-json\/wp\/v2\/comments?post=5483"}],"version-history":[{"count":1,"href":"https:\/\/www.krusnohorskypohar.cz\/index.php\/wp-json\/wp\/v2\/posts\/5483\/revisions"}],"predecessor-version":[{"id":5484,"href":"https:\/\/www.krusnohorskypohar.cz\/index.php\/wp-json\/wp\/v2\/posts\/5483\/revisions\/5484"}],"wp:featuredmedia":[{"embeddable":true,"href":"https:\/\/www.krusnohorskypohar.cz\/index.php\/wp-json\/wp\/v2\/media\/470"}],"wp:attachment":[{"href":"https:\/\/www.krusnohorskypohar.cz\/index.php\/wp-json\/wp\/v2\/media?parent=5483"}],"wp:term":[{"taxonomy":"category","embeddable":true,"href":"https:\/\/www.krusnohorskypohar.cz\/index.php\/wp-json\/wp\/v2\/categories?post=5483"},{"taxonomy":"post_tag","embeddable":true,"href":"https:\/\/www.krusnohorskypohar.cz\/index.php\/wp-json\/wp\/v2\/tags?post=5483"}],"curies":[{"name":"wp","href":"https:\/\/api.w.org\/{rel}","templated":true}]}}