{"id":4897,"date":"2023-05-12T17:32:40","date_gmt":"2023-05-12T17:32:40","guid":{"rendered":"https:\/\/www.krusnohorskypohar.cz\/?p=4897"},"modified":"2023-05-12T17:32:40","modified_gmt":"2023-05-12T17:32:40","slug":"zav-utery-kapacita-trate-naplnena","status":"publish","type":"post","link":"https:\/\/www.krusnohorskypohar.cz\/index.php\/2023\/05\/12\/zav-utery-kapacita-trate-naplnena\/","title":{"rendered":"ZAV \u00dater\u00fd-kapacita trat\u011b napln\u011bna"},"content":{"rendered":"\n<p>V\u00e1\u017een\u00ed p\u0159\u00e1tel\u00e9, v rekordn\u00edm \u010dase se kapacita trat\u011b pro z\u00e1vod ZAV \u00dater\u00fd naplnila. P\u0159ihl\u00e1\u0161ky budou otev\u0159en\u00e9 pro n\u00e1hradn\u00edky. V p\u0159\u00edpad\u011b uvoln\u011bn\u00ed m\u00edsta bude n\u00e1hradn\u00edk ihned kontaktov\u00e1n.<\/p>\n\n\n\n<p>ZAV Autodrom Sosnov\u00e1- Zb\u00fdv\u00e1 posledn\u00edch 17 voln\u00fdch m\u00edst, po t\u00e9 se p\u0159ihl\u00e1\u0161ky tak\u00e9 uzav\u0159ou.<\/p>\n","protected":false},"excerpt":{"rendered":"<p>V\u00e1\u017een\u00ed p\u0159\u00e1tel\u00e9, v rekordn\u00edm \u010dase se kapacita trat\u011b pro z\u00e1vod ZAV \u00dater\u00fd naplnila. P\u0159ihl\u00e1\u0161ky budou otev\u0159en\u00e9 pro n\u00e1hradn\u00edky. V p\u0159\u00edpad\u011b uvoln\u011bn\u00ed m\u00edsta bude n\u00e1hradn\u00edk ihned kontaktov\u00e1n. ZAV Autodrom Sosnov\u00e1- Zb\u00fdv\u00e1 posledn\u00edch 17 voln\u00fdch m\u00edst, po t\u00e9 se p\u0159ihl\u00e1\u0161ky tak\u00e9 uzav\u0159ou.<\/p>\n","protected":false},"author":2,"featured_media":688,"comment_status":"closed","ping_status":"open","sticky":false,"template":"","format":"standard","meta":[],"categories":[1],"tags":[],"_links":{"self":[{"href":"https:\/\/www.krusnohorskypohar.cz\/index.php\/wp-json\/wp\/v2\/posts\/4897"}],"collection":[{"href":"https:\/\/www.krusnohorskypohar.cz\/index.php\/wp-json\/wp\/v2\/posts"}],"about":[{"href":"https:\/\/www.krusnohorskypohar.cz\/index.php\/wp-json\/wp\/v2\/types\/post"}],"author":[{"embeddable":true,"href":"https:\/\/www.krusnohorskypohar.cz\/index.php\/wp-json\/wp\/v2\/users\/2"}],"replies":[{"embeddable":true,"href":"https:\/\/www.krusnohorskypohar.cz\/index.php\/wp-json\/wp\/v2\/comments?post=4897"}],"version-history":[{"count":1,"href":"https:\/\/www.krusnohorskypohar.cz\/index.php\/wp-json\/wp\/v2\/posts\/4897\/revisions"}],"predecessor-version":[{"id":4898,"href":"https:\/\/www.krusnohorskypohar.cz\/index.php\/wp-json\/wp\/v2\/posts\/4897\/revisions\/4898"}],"wp:featuredmedia":[{"embeddable":true,"href":"https:\/\/www.krusnohorskypohar.cz\/index.php\/wp-json\/wp\/v2\/media\/688"}],"wp:attachment":[{"href":"https:\/\/www.krusnohorskypohar.cz\/index.php\/wp-json\/wp\/v2\/media?parent=4897"}],"wp:term":[{"taxonomy":"category","embeddable":true,"href":"https:\/\/www.krusnohorskypohar.cz\/index.php\/wp-json\/wp\/v2\/categories?post=4897"},{"taxonomy":"post_tag","embeddable":true,"href":"https:\/\/www.krusnohorskypohar.cz\/index.php\/wp-json\/wp\/v2\/tags?post=4897"}],"curies":[{"name":"wp","href":"https:\/\/api.w.org\/{rel}","templated":true}]}}