{"id":4397,"date":"2023-04-16T18:31:58","date_gmt":"2023-04-16T18:31:58","guid":{"rendered":"https:\/\/www.krusnohorskypohar.cz\/?p=4397"},"modified":"2023-04-16T18:31:58","modified_gmt":"2023-04-16T18:31:58","slug":"cviceni-a-skoleni-clenu-rescue-team-liberec-2023-za-podpory-krusnohorskeho-poharu","status":"publish","type":"post","link":"https:\/\/www.krusnohorskypohar.cz\/index.php\/2023\/04\/16\/cviceni-a-skoleni-clenu-rescue-team-liberec-2023-za-podpory-krusnohorskeho-poharu\/","title":{"rendered":"Cvi\u010den\u00ed a \u0161kolen\u00ed \u010dlen\u016f Rescue team Liberec 2023 za podpory Kru\u0161nohorsk\u00e9ho poh\u00e1ru."},"content":{"rendered":"\n<p>Ve dnech 21. 4. V 16:00 a\u017e 23. 4. V 12:00 prob\u011bhne cvi\u010den\u00ed a \u0161kolen\u00ed \u010dlen\u016f Rescue team Liberec a tra\u0165ov\u00fdch komisa\u0159\u016f Kru\u0161nohorsk\u00e9ho poh\u00e1ru p\u0159ed prvn\u00edm p\u0159\u00edrodn\u00edm kopcem ZAV B\u00edlina. Cvi\u010den\u00ed je samoz\u0159ejm\u011b i pro rodinn\u00e9 p\u0159\u00edslu\u0161n\u00edky, kte\u0159\u00ed se mohou \u00fa\u010dastnit jako figuranti a nebo pouze div\u00e1ci.<br><strong>Harmonogram cvi\u010den\u00ed :<\/strong><br>P\u00e1tek &#8211; P\u0159\u00edjezd<br>Sobota &#8211;<br>1. Vypro\u0161t\u011bn\u00ed zran\u011bn\u00e9ho s n\u00e1sledn\u00fdm o\u0161et\u0159en\u00edm &#8211; pou\u017eit\u00ed vypro\u0161\u0165ovac\u00edho hydraulick\u00e9ho za\u0159\u00edzen\u00ed<br>2. Transport posti\u017een\u00e9ho, fixace, stabilizace<br>3. Tr\u00e9nink s AED, KPR,apod.<\/p>\n\n\n\n<p>4. \u0160kolen\u00ed po\u0159adatel\u016f motosportu &#8211; p\u00e1skov\u00e1n\u00ed, nebezpe\u010dn\u00e9 prostory, zodpov\u011bdnost, zastavov\u00e1n\u00ed vozidel atd.<br>Ve\u010dern\u00ed diskuze u piva a bu\u0159t\u016f<br>Ned\u011ble &#8211;<br>Z\u00e1klady p\u00e1trac\u00edch akc\u00ed &#8211; sektorov\u00e1n\u00ed ter\u00e9nu, pou\u017eit\u00ed rojnice, vyhodnocen\u00ed ter\u00e9nu,apod.<\/p>\n\n\n\n<p>Odjezd<\/p>\n\n\n\n<p>M\u00edsto kon\u00e1n\u00ed-<\/p>\n\n\n\n<p>Chata Kov\u00e1\u0159, \u010cesk\u00fd Dub 169\/III, \u010cesk\u00fd Dub<\/p>\n","protected":false},"excerpt":{"rendered":"<p>Ve dnech 21. 4. V 16:00 a\u017e 23. 4. V 12:00 prob\u011bhne cvi\u010den\u00ed a \u0161kolen\u00ed \u010dlen\u016f Rescue team Liberec a tra\u0165ov\u00fdch komisa\u0159\u016f Kru\u0161nohorsk\u00e9ho poh\u00e1ru p\u0159ed prvn\u00edm p\u0159\u00edrodn\u00edm kopcem ZAV B\u00edlina. Cvi\u010den\u00ed je samoz\u0159ejm\u011b i pro rodinn\u00e9 p\u0159\u00edslu\u0161n\u00edky, kte\u0159\u00ed se mohou \u00fa\u010dastnit jako figuranti a nebo pouze div\u00e1ci.Harmonogram cvi\u010den\u00ed :P\u00e1tek &#8211; P\u0159\u00edjezdSobota &#8211;1. Vypro\u0161t\u011bn\u00ed zran\u011bn\u00e9ho s&hellip;<\/p>\n","protected":false},"author":2,"featured_media":4398,"comment_status":"closed","ping_status":"open","sticky":false,"template":"","format":"standard","meta":[],"categories":[1],"tags":[],"_links":{"self":[{"href":"https:\/\/www.krusnohorskypohar.cz\/index.php\/wp-json\/wp\/v2\/posts\/4397"}],"collection":[{"href":"https:\/\/www.krusnohorskypohar.cz\/index.php\/wp-json\/wp\/v2\/posts"}],"about":[{"href":"https:\/\/www.krusnohorskypohar.cz\/index.php\/wp-json\/wp\/v2\/types\/post"}],"author":[{"embeddable":true,"href":"https:\/\/www.krusnohorskypohar.cz\/index.php\/wp-json\/wp\/v2\/users\/2"}],"replies":[{"embeddable":true,"href":"https:\/\/www.krusnohorskypohar.cz\/index.php\/wp-json\/wp\/v2\/comments?post=4397"}],"version-history":[{"count":1,"href":"https:\/\/www.krusnohorskypohar.cz\/index.php\/wp-json\/wp\/v2\/posts\/4397\/revisions"}],"predecessor-version":[{"id":4399,"href":"https:\/\/www.krusnohorskypohar.cz\/index.php\/wp-json\/wp\/v2\/posts\/4397\/revisions\/4399"}],"wp:featuredmedia":[{"embeddable":true,"href":"https:\/\/www.krusnohorskypohar.cz\/index.php\/wp-json\/wp\/v2\/media\/4398"}],"wp:attachment":[{"href":"https:\/\/www.krusnohorskypohar.cz\/index.php\/wp-json\/wp\/v2\/media?parent=4397"}],"wp:term":[{"taxonomy":"category","embeddable":true,"href":"https:\/\/www.krusnohorskypohar.cz\/index.php\/wp-json\/wp\/v2\/categories?post=4397"},{"taxonomy":"post_tag","embeddable":true,"href":"https:\/\/www.krusnohorskypohar.cz\/index.php\/wp-json\/wp\/v2\/tags?post=4397"}],"curies":[{"name":"wp","href":"https:\/\/api.w.org\/{rel}","templated":true}]}}