{"id":4008,"date":"2022-12-15T21:57:59","date_gmt":"2022-12-15T21:57:59","guid":{"rendered":"https:\/\/www.krusnohorskypohar.cz\/?p=4008"},"modified":"2022-12-15T21:57:59","modified_gmt":"2022-12-15T21:57:59","slug":"informace-k-nove-sezone-2023","status":"publish","type":"post","link":"https:\/\/www.krusnohorskypohar.cz\/index.php\/2022\/12\/15\/informace-k-nove-sezone-2023\/","title":{"rendered":"Informace k nov\u00e9 sez\u00f3n\u011b 2023"},"content":{"rendered":"\n<p>V\u00e1\u017een\u00ed p\u0159\u00e1tel\u00e9, p\u0159edstavujeme V\u00e1m p\u0159edb\u011b\u017en\u00fd kalend\u00e1\u0159 z\u00e1vod\u016f sez\u00f3ny 2023. U jednoho z\u00e1vodu m\u00e1me zat\u00edm otazn\u00edk. Sna\u017e\u00edme se op\u011bt po roce vr\u00e1tit na ZAV Je\u0161t\u011bd. Michal Strach vyb\u011bh\u00e1v\u00e1 povolen\u00ed. Dle informac\u00ed od Michala hotel Je\u0161t\u011bd nem\u00e1 n\u00e1mitek aby jsme z\u00e1vod uspo\u0159\u00e1dali. Uvid\u00edme co dal\u0161\u00ed m\u011bsta a \u00fa\u0159ady. V z\u00e1loze m\u00e1me ZAV Osek a ZAV J\u00e1chymov. Po roce se tak\u00e9 vrac\u00edme do kr\u00e1sn\u00e9ho m\u011bste\u010dka \u00dater\u00fd kde budeme d\u011blat op\u011bt mega akci. <\/p>\n\n\n\n<p>Na z\u00e1v\u011bre\u010dn\u00e9m vyhl\u00e1\u0161en\u00ed byla dohodnuta zm\u011bna z\u00e1stupce jezdc\u016f pro skupinu R. Nov\u011b j\u00edm bude Jan Kulich. D\u00e1le byli zastropov\u00e1ni historici , kte\u0159\u00ed budou moci b\u00fdt maxim\u00e1ln\u011b do 31.12.1992.  Pozd\u011bj\u0161\u00ed datum ji\u017e ztr\u00e1c\u00ed smysl cel\u00e9 skupiny. Bylo t\u00e9\u017ee dohodnuto \u017ee maxim\u00e1ln\u00ed kapacita trat\u011b bude 90 jezdc\u016f. Toto d\u011bl\u00e1me proto aby jezdci nem\u011bli p\u0159\u00edli\u0161 dlouh\u00e9 \u010dek\u00e1n\u00ed mezi j\u00edzdy a my zrychlili pr\u016fb\u011bh z\u00e1vod\u016f. Webov\u00e9 str\u00e1nky se ji\u017e aktualizuj\u00ed. P\u0159ihl\u00e1\u0161ky do Poh\u00e1ru team\u016f a prvn\u00edho z\u00e1vodu na Autodromu Sosnov\u00e1 se spust\u00ed na nov\u00fd rok 2023. Po dohod\u011b jsme roztrhli skupinu R do 1600ccm a ud\u011blali nov\u00e9 R do 1400ccm  a R do 1600ccm.<\/p>\n\n\n\n<p>Nov\u00e9 se bude na konci sez\u00f3ny vyhla\u0161ovat i nejrychlej\u0161\u00ed jezdec kter\u00fd bude m\u00edt ka\u017ed\u00e9m z\u00e1vod\u011b nejrychlej\u0161\u00ed jeden \u010das a bude z\u00edsk\u00e1vat body z ka\u017ed\u00e9ho z\u00e1vodu.<\/p>\n\n\n\n<p>Dal\u0161\u00ed informace budeme postupn\u011b p\u0159ikl\u00e1dat. M\u00e1te se opravdu na\u010d t\u011b\u0161it. <\/p>\n\n\n\n<p>Vl\u00e1\u010fa Krej\u010d\u00ed-\u0159editel a promot\u00e9r Kru\u0161nohorsk\u00e9ho poh\u00e1ru<\/p>\n\n\n\n<h1>Kalend\u00e1\u0159 2023<\/h1>\n\n\n\n<figure class=\"wp-block-table is-style-stripes\"><table><tbody><tr><td>1.<\/td><td><strong>15.4.2023<\/strong><\/td><td><strong>Zav Autodrom Sosnov\u00e1<\/strong><\/td><td><strong>jednodenn\u00ed<\/strong><\/td><\/tr><tr><td>2.<\/td><td><strong>7.5.2023<\/strong><\/td><td><strong>Zav B\u00edlina<\/strong><\/td><td><strong>jednodenn\u00ed<\/strong><\/td><\/tr><tr><td>3.<\/td><td><strong>3.6-4.6.2023<\/strong><\/td><td><strong>Zav Leti\u0161t\u011b K\u0159i\u017eenec<\/strong><\/td><td><strong>dvoudenn\u00ed<\/strong><\/td><\/tr><tr><td>4.<\/td><td><strong>1.7-2.7.2023<\/strong><\/td><td><strong>Zav ?<\/strong><\/td><td><strong>dvoudenn\u00ed<\/strong><\/td><\/tr><tr><td>5.<\/td><td><strong>5.8-6.8.2023<\/strong><\/td><td><strong>Zav \u00dater\u00fd<\/strong><\/td><td><strong>dvoudenn\u00ed<\/strong><\/td><\/tr><tr><td>6.<\/td><td><strong>9.9-10.9.2023<\/strong><\/td><td><strong>Zav Kdyn\u011b<\/strong><\/td><td><strong>dvoudenn\u00ed<\/strong><\/td><\/tr><tr><td>7.<\/td><td><strong>14.10.2023<\/strong><\/td><td><strong>Zav Polygon Most<\/strong><\/td><td><strong>jednodenn\u00ed<\/strong><\/td><\/tr><tr><td>8.<\/td><td><strong>25.11.2023<\/strong><\/td><td><strong>Pivovar Chodovar-Chodov\u00e1 Plan\u00e1<\/strong><\/td><td><strong>Z\u00e1v\u011bre\u010dn\u00e9 vyhl\u00e1\u0161en\u00ed sez\u00f3ny 2023<\/strong><\/td><\/tr><\/tbody><\/table><\/figure>\n","protected":false},"excerpt":{"rendered":"<p>V\u00e1\u017een\u00ed p\u0159\u00e1tel\u00e9, p\u0159edstavujeme V\u00e1m p\u0159edb\u011b\u017en\u00fd kalend\u00e1\u0159 z\u00e1vod\u016f sez\u00f3ny 2023. U jednoho z\u00e1vodu m\u00e1me zat\u00edm otazn\u00edk. Sna\u017e\u00edme se op\u011bt po roce vr\u00e1tit na ZAV Je\u0161t\u011bd. Michal Strach vyb\u011bh\u00e1v\u00e1 povolen\u00ed. Dle informac\u00ed od Michala hotel Je\u0161t\u011bd nem\u00e1 n\u00e1mitek aby jsme z\u00e1vod uspo\u0159\u00e1dali. Uvid\u00edme co dal\u0161\u00ed m\u011bsta a \u00fa\u0159ady. V z\u00e1loze m\u00e1me ZAV Osek a ZAV J\u00e1chymov. Po&hellip;<\/p>\n","protected":false},"author":2,"featured_media":3823,"comment_status":"closed","ping_status":"open","sticky":false,"template":"","format":"standard","meta":[],"categories":[46],"tags":[],"_links":{"self":[{"href":"https:\/\/www.krusnohorskypohar.cz\/index.php\/wp-json\/wp\/v2\/posts\/4008"}],"collection":[{"href":"https:\/\/www.krusnohorskypohar.cz\/index.php\/wp-json\/wp\/v2\/posts"}],"about":[{"href":"https:\/\/www.krusnohorskypohar.cz\/index.php\/wp-json\/wp\/v2\/types\/post"}],"author":[{"embeddable":true,"href":"https:\/\/www.krusnohorskypohar.cz\/index.php\/wp-json\/wp\/v2\/users\/2"}],"replies":[{"embeddable":true,"href":"https:\/\/www.krusnohorskypohar.cz\/index.php\/wp-json\/wp\/v2\/comments?post=4008"}],"version-history":[{"count":1,"href":"https:\/\/www.krusnohorskypohar.cz\/index.php\/wp-json\/wp\/v2\/posts\/4008\/revisions"}],"predecessor-version":[{"id":4009,"href":"https:\/\/www.krusnohorskypohar.cz\/index.php\/wp-json\/wp\/v2\/posts\/4008\/revisions\/4009"}],"wp:featuredmedia":[{"embeddable":true,"href":"https:\/\/www.krusnohorskypohar.cz\/index.php\/wp-json\/wp\/v2\/media\/3823"}],"wp:attachment":[{"href":"https:\/\/www.krusnohorskypohar.cz\/index.php\/wp-json\/wp\/v2\/media?parent=4008"}],"wp:term":[{"taxonomy":"category","embeddable":true,"href":"https:\/\/www.krusnohorskypohar.cz\/index.php\/wp-json\/wp\/v2\/categories?post=4008"},{"taxonomy":"post_tag","embeddable":true,"href":"https:\/\/www.krusnohorskypohar.cz\/index.php\/wp-json\/wp\/v2\/tags?post=4008"}],"curies":[{"name":"wp","href":"https:\/\/api.w.org\/{rel}","templated":true}]}}