{"id":2278,"date":"2022-04-22T09:45:31","date_gmt":"2022-04-22T09:45:31","guid":{"rendered":"https:\/\/www.krusnohorskypohar.cz\/?p=2278"},"modified":"2022-04-22T09:45:31","modified_gmt":"2022-04-22T09:45:31","slug":"zav-bilina-kapacita-trate-naplnena","status":"publish","type":"post","link":"https:\/\/www.krusnohorskypohar.cz\/index.php\/2022\/04\/22\/zav-bilina-kapacita-trate-naplnena\/","title":{"rendered":"ZAV B\u00edlina-kapacita trat\u011b napln\u011bna"},"content":{"rendered":"\n<p>V\u00e1\u017een\u00ed p\u0159\u00e1tel\u00e9, elektronick\u00e9 p\u0159ihl\u00e1\u0161ky do z\u00e1vodu Zav B\u00edlina uzav\u00edr\u00e1me. Kapacita trat\u011b byla napln\u011bna. Dne\u0161n\u00edm dnem je p\u0159ihl\u00e1\u0161eno 100 jezdc\u016f. P\u0159ihl\u00e1\u0161ky z\u016fst\u00e1vaj\u00ed otev\u0159en\u00e9 ji\u017e jen pro n\u00e1hradn\u00edky a jezdce kte\u0159\u00ed odjeli z\u00e1vod na Autodromu Sosnov\u00e1. Pokud se uvoln\u00ed m\u00edsto n\u00e1hradn\u00edk bude kontaktov\u00e1n sms. V\u00fdjimku budou m\u00edt pouze jezdci kte\u0159\u00ed odjeli z\u00e1vod na Autodromu Sosnov\u00e1 a nestihli se je\u0161t\u011b p\u0159ihl\u00e1sit proto aby nep\u0159i\u0161li o body do sez\u00f3ny 2022. Tito jezdci budou po p\u0159ihl\u00e1\u0161en\u00ed automaticky v\u0159azeny do startovn\u00ed listiny. Pros\u00edme t\u00edmto p\u0159ihl\u00e1\u0161en\u00e9 jezdce kte\u0159\u00ed v\u00ed \u017ee nemohou jet z\u00e1vod v B\u00edlin\u011b , aby n\u00e1m to dali v\u011bd\u011bt sms na tel \u010d\u00edslo 60137724 a t\u00edm neblokovali n\u00e1hradn\u00edky kte\u0159\u00ed by z\u00e1vod v B\u00edlin\u011b cht\u011bli jet. Na vid\u011bnou v B\u00edlin\u011b.<\/p>\n","protected":false},"excerpt":{"rendered":"<p>V\u00e1\u017een\u00ed p\u0159\u00e1tel\u00e9, elektronick\u00e9 p\u0159ihl\u00e1\u0161ky do z\u00e1vodu Zav B\u00edlina uzav\u00edr\u00e1me. Kapacita trat\u011b byla napln\u011bna. Dne\u0161n\u00edm dnem je p\u0159ihl\u00e1\u0161eno 100 jezdc\u016f. P\u0159ihl\u00e1\u0161ky z\u016fst\u00e1vaj\u00ed otev\u0159en\u00e9 ji\u017e jen pro n\u00e1hradn\u00edky a jezdce kte\u0159\u00ed odjeli z\u00e1vod na Autodromu Sosnov\u00e1. Pokud se uvoln\u00ed m\u00edsto n\u00e1hradn\u00edk bude kontaktov\u00e1n sms. V\u00fdjimku budou m\u00edt pouze jezdci kte\u0159\u00ed odjeli z\u00e1vod na Autodromu Sosnov\u00e1 a nestihli&hellip;<\/p>\n","protected":false},"author":2,"featured_media":688,"comment_status":"closed","ping_status":"open","sticky":false,"template":"","format":"standard","meta":[],"categories":[34],"tags":[],"_links":{"self":[{"href":"https:\/\/www.krusnohorskypohar.cz\/index.php\/wp-json\/wp\/v2\/posts\/2278"}],"collection":[{"href":"https:\/\/www.krusnohorskypohar.cz\/index.php\/wp-json\/wp\/v2\/posts"}],"about":[{"href":"https:\/\/www.krusnohorskypohar.cz\/index.php\/wp-json\/wp\/v2\/types\/post"}],"author":[{"embeddable":true,"href":"https:\/\/www.krusnohorskypohar.cz\/index.php\/wp-json\/wp\/v2\/users\/2"}],"replies":[{"embeddable":true,"href":"https:\/\/www.krusnohorskypohar.cz\/index.php\/wp-json\/wp\/v2\/comments?post=2278"}],"version-history":[{"count":1,"href":"https:\/\/www.krusnohorskypohar.cz\/index.php\/wp-json\/wp\/v2\/posts\/2278\/revisions"}],"predecessor-version":[{"id":2279,"href":"https:\/\/www.krusnohorskypohar.cz\/index.php\/wp-json\/wp\/v2\/posts\/2278\/revisions\/2279"}],"wp:featuredmedia":[{"embeddable":true,"href":"https:\/\/www.krusnohorskypohar.cz\/index.php\/wp-json\/wp\/v2\/media\/688"}],"wp:attachment":[{"href":"https:\/\/www.krusnohorskypohar.cz\/index.php\/wp-json\/wp\/v2\/media?parent=2278"}],"wp:term":[{"taxonomy":"category","embeddable":true,"href":"https:\/\/www.krusnohorskypohar.cz\/index.php\/wp-json\/wp\/v2\/categories?post=2278"},{"taxonomy":"post_tag","embeddable":true,"href":"https:\/\/www.krusnohorskypohar.cz\/index.php\/wp-json\/wp\/v2\/tags?post=2278"}],"curies":[{"name":"wp","href":"https:\/\/api.w.org\/{rel}","templated":true}]}}