{"id":1012,"date":"2021-08-16T17:38:00","date_gmt":"2021-08-16T17:38:00","guid":{"rendered":"https:\/\/www.krusnohorskypohar.cz\/?p=1012"},"modified":"2021-08-16T17:39:04","modified_gmt":"2021-08-16T17:39:04","slug":"otevreni-prihlasek-na-dva-zavody","status":"publish","type":"post","link":"https:\/\/www.krusnohorskypohar.cz\/index.php\/2021\/08\/16\/otevreni-prihlasek-na-dva-zavody\/","title":{"rendered":"Otev\u0159en\u00ed p\u0159ihl\u00e1\u0161ek na dva z\u00e1vody Kdyn\u011b a B\u00edlina"},"content":{"rendered":"\n<p>V\u00e1\u017een\u00ed p\u0159\u00e1tel\u00e9, otev\u00edr\u00e1me p\u0159ihl\u00e1\u0161ky na dva po sob\u011b jdouc\u00ed z\u00e1vody. Prvn\u00ed z nich je dvoudenn\u00ed z\u00e1vod kter\u00fd se bude konat 11 a 12.9.2021 na kr\u00e1sn\u00e9 trati Kdyn\u011b- Kor\u00e1b. Dal\u0161\u00ed pak v ned\u011bli 26.9.2021 na historick\u00e9 trati B\u00edlina-Ka\u0148kov. <\/p>\n\n\n\n<p>P\u0159ihl\u00e1\u0161ku do z\u00e1vodu naleznete v sekci napravo  <strong>P\u0159ihl\u00e1\u0161ky k z\u00e1vod\u016fm<\/strong><\/p>\n\n\n\n<p>Ve\u0161ker\u00e9 informace k z\u00e1vod\u016fm budeme p\u0159edkl\u00e1dat tak aby jste v\u011bd\u011bli \u00fapln\u011b v\u0161e.<\/p>\n","protected":false},"excerpt":{"rendered":"<p>V\u00e1\u017een\u00ed p\u0159\u00e1tel\u00e9, otev\u00edr\u00e1me p\u0159ihl\u00e1\u0161ky na dva po sob\u011b jdouc\u00ed z\u00e1vody. Prvn\u00ed z nich je dvoudenn\u00ed z\u00e1vod kter\u00fd se bude konat 11 a 12.9.2021 na kr\u00e1sn\u00e9 trati Kdyn\u011b- Kor\u00e1b. Dal\u0161\u00ed pak v ned\u011bli 26.9.2021 na historick\u00e9 trati B\u00edlina-Ka\u0148kov. P\u0159ihl\u00e1\u0161ku do z\u00e1vodu naleznete v sekci napravo P\u0159ihl\u00e1\u0161ky k z\u00e1vod\u016fm Ve\u0161ker\u00e9 informace k z\u00e1vod\u016fm budeme p\u0159edkl\u00e1dat tak aby&hellip;<\/p>\n","protected":false},"author":2,"featured_media":537,"comment_status":"closed","ping_status":"open","sticky":false,"template":"","format":"standard","meta":[],"categories":[1],"tags":[],"_links":{"self":[{"href":"https:\/\/www.krusnohorskypohar.cz\/index.php\/wp-json\/wp\/v2\/posts\/1012"}],"collection":[{"href":"https:\/\/www.krusnohorskypohar.cz\/index.php\/wp-json\/wp\/v2\/posts"}],"about":[{"href":"https:\/\/www.krusnohorskypohar.cz\/index.php\/wp-json\/wp\/v2\/types\/post"}],"author":[{"embeddable":true,"href":"https:\/\/www.krusnohorskypohar.cz\/index.php\/wp-json\/wp\/v2\/users\/2"}],"replies":[{"embeddable":true,"href":"https:\/\/www.krusnohorskypohar.cz\/index.php\/wp-json\/wp\/v2\/comments?post=1012"}],"version-history":[{"count":2,"href":"https:\/\/www.krusnohorskypohar.cz\/index.php\/wp-json\/wp\/v2\/posts\/1012\/revisions"}],"predecessor-version":[{"id":1014,"href":"https:\/\/www.krusnohorskypohar.cz\/index.php\/wp-json\/wp\/v2\/posts\/1012\/revisions\/1014"}],"wp:featuredmedia":[{"embeddable":true,"href":"https:\/\/www.krusnohorskypohar.cz\/index.php\/wp-json\/wp\/v2\/media\/537"}],"wp:attachment":[{"href":"https:\/\/www.krusnohorskypohar.cz\/index.php\/wp-json\/wp\/v2\/media?parent=1012"}],"wp:term":[{"taxonomy":"category","embeddable":true,"href":"https:\/\/www.krusnohorskypohar.cz\/index.php\/wp-json\/wp\/v2\/categories?post=1012"},{"taxonomy":"post_tag","embeddable":true,"href":"https:\/\/www.krusnohorskypohar.cz\/index.php\/wp-json\/wp\/v2\/tags?post=1012"}],"curies":[{"name":"wp","href":"https:\/\/api.w.org\/{rel}","templated":true}]}}